{"id":44338,"date":"2026-02-15T10:25:48","date_gmt":"2026-02-15T16:25:48","guid":{"rendered":"https:\/\/gerardoduque.com.mx\/?p=44338"},"modified":"2026-03-04T10:29:43","modified_gmt":"2026-03-04T16:29:43","slug":"trabajadores-estatales-se-solidarizan-con-santo-domingo","status":"publish","type":"post","link":"https:\/\/gerardoduque.com.mx\/?p=44338","title":{"rendered":"TRABAJADORES ESTATALES SE SOLIDARIZAN CON SANTO DOMINGO"},"content":{"rendered":"\n<p>Los apoyos recolectados fueron entregados al ayuntamiento para su distribuci\u00f3n entre quienes m\u00e1s lo requieren, evidenciando el cambio que se vive y se siente en la manera en que la administraci\u00f3n Estatal acerca la atenci\u00f3n social a la ciudadan\u00eda. Esta iniciativa refuerza la respuesta efectiva frente a emergencias y consolida la asistencia a quienes atraviesan situaciones dif\u00edciles.<\/p>\n\n\n\n<p>Con este esfuerzo, se reafirma el trabajo humano y cercano del Gobierno Estatal, que act\u00faa sin l\u00edmites para brindar apoyo inmediato y coordinar recursos, fortaleciendo la atenci\u00f3n integral.<\/p>\n\n\n\n<p>Las y los trabajadores del Instituto Registral y Catastral (IRC) se unieron para reunir v\u00edveres, agua y despensa b\u00e1sica, destinados a las familias del municipio de Santo Domingo afectadas por un reciente incendio, destacando la coordinaci\u00f3n y la acci\u00f3n oportuna de la Coordinaci\u00f3n Estatal de Protecci\u00f3n Civil (CEPC), la Secretar\u00eda de la Defensa Nacional (Sedena), autoridades municipales y voluntarios. La acci\u00f3n refleja el compromiso del Gobernador Ricardo Gallardo Cardona por atender con sensibilidad las necesidades de la poblaci\u00f3n.<\/p>\n\n\n\n<p>Los apoyos recolectados fueron entregados al ayuntamiento para su distribuci\u00f3n entre quienes m\u00e1s lo requieren, evidenciando el cambio que se vive y se siente en la manera en que la administraci\u00f3n Estatal acerca la atenci\u00f3n social a la ciudadan\u00eda. Esta iniciativa refuerza la respuesta efectiva frente a emergencias y consolida la asistencia a quienes atraviesan situaciones dif\u00edciles.<\/p>\n\n\n\n<p>Con este esfuerzo, se reafirma el trabajo humano y cercano del Gobierno Estatal, que act\u00faa sin l\u00edmites para brindar apoyo inmediato y coordinar recursos, fortaleciendo la atenci\u00f3n integral.<\/p>\n\n\n\n<p><br><\/p>\n\n\n\n<p><br><\/p>\n","protected":false},"excerpt":{"rendered":"<p>Trabajadores del Instituto Registral y Catastral reunieron v\u00edveres y agua para apoyar a familias de Santo Domingo afectadas por un incendio, en coordinaci\u00f3n con la Coordinaci\u00f3n Estatal de Protecci\u00f3n Civil y la Sedena. La acci\u00f3n, alineada con la pol\u00edtica social del gobernador Ricardo Gallardo Cardona, refuerza la respuesta solidaria y cercana ante emergencias.<\/p>\n","protected":false},"author":4,"featured_media":44339,"comment_status":"closed","ping_status":"closed","sticky":false,"template":"","format":"standard","meta":{"_et_pb_use_builder":"off","_et_pb_old_content":"","_et_gb_content_width":"","footnotes":""},"categories":[62,280],"tags":[],"class_list":["post-44338","post","type-post","status-publish","format-standard","has-post-thumbnail","hentry","category-redaccion","category-gob-slp"],"_links":{"self":[{"href":"https:\/\/gerardoduque.com.mx\/index.php?rest_route=\/wp\/v2\/posts\/44338","targetHints":{"allow":["GET"]}}],"collection":[{"href":"https:\/\/gerardoduque.com.mx\/index.php?rest_route=\/wp\/v2\/posts"}],"about":[{"href":"https:\/\/gerardoduque.com.mx\/index.php?rest_route=\/wp\/v2\/types\/post"}],"author":[{"embeddable":true,"href":"https:\/\/gerardoduque.com.mx\/index.php?rest_route=\/wp\/v2\/users\/4"}],"replies":[{"embeddable":true,"href":"https:\/\/gerardoduque.com.mx\/index.php?rest_route=%2Fwp%2Fv2%2Fcomments&post=44338"}],"version-history":[{"count":0,"href":"https:\/\/gerardoduque.com.mx\/index.php?rest_route=\/wp\/v2\/posts\/44338\/revisions"}],"wp:featuredmedia":[{"embeddable":true,"href":"https:\/\/gerardoduque.com.mx\/index.php?rest_route=\/wp\/v2\/media\/44339"}],"wp:attachment":[{"href":"https:\/\/gerardoduque.com.mx\/index.php?rest_route=%2Fwp%2Fv2%2Fmedia&parent=44338"}],"wp:term":[{"taxonomy":"category","embeddable":true,"href":"https:\/\/gerardoduque.com.mx\/index.php?rest_route=%2Fwp%2Fv2%2Fcategories&post=44338"},{"taxonomy":"post_tag","embeddable":true,"href":"https:\/\/gerardoduque.com.mx\/index.php?rest_route=%2Fwp%2Fv2%2Ftags&post=44338"}],"curies":[{"name":"wp","href":"https:\/\/api.w.org\/{rel}","templated":true}]}}