{"id":43995,"date":"2026-02-13T16:01:43","date_gmt":"2026-02-13T22:01:43","guid":{"rendered":"https:\/\/gerardoduque.com.mx\/?p=43995"},"modified":"2026-02-13T17:17:20","modified_gmt":"2026-02-13T23:17:20","slug":"ricardo-gallardo-refuerza-proteccion-sanitaria-con-brigadas-de-vacunacion-contra-el-sarampion","status":"publish","type":"post","link":"https:\/\/gerardoduque.com.mx\/?p=43995","title":{"rendered":"Ricardo Gallardo refuerza protecci\u00f3n sanitaria con brigadas de vacunaci\u00f3n contra el sarampi\u00f3n"},"content":{"rendered":"\n<p>A trav\u00e9s del programa \u201cVisitando Corazones\u201d, el mandatario estatal intensifica la prevenci\u00f3n epidemiol\u00f3gica con la instalaci\u00f3n de m\u00f3dulos estrat\u00e9gicos para garantizar el bienestar de la poblaci\u00f3n.<\/p>\n\n\n\n<p>En un firme compromiso por salvaguardar la salud p\u00fablica y fortalecer la capacidad de respuesta sanitaria en el Estado, el Gobernador Ricardo Gallardo Cardona anunci\u00f3 que los m\u00f3dulos de vacunaci\u00f3n contra el sarampi\u00f3n ya est\u00e1n funcionando a partir de este d\u00eda y hasta el pr\u00f3ximo domingo 15 de febrero.<\/p>\n\n\n\n<p>Dijo que estos espacios de salud son atendidos por brigadistas del programa Visitando Corazones y se encuentran operando en el Palacio de Gobierno, el Jard\u00edn de Tequis, el Atrio de la Iglesia del Saucito, as\u00ed como en el Teatro y Centro Cultural Doroteo Arango, ubicado en el municipio de Soledad de Graciano S\u00e1nchez.<\/p>\n\n\n\n<p>Luego se se\u00f1alar que estas acciones forman parte de una estrategia integral de protecci\u00f3n, a trav\u00e9s de la cual se han aplicado ya 300 mil vacunas, puntualiz\u00f3 que los m\u00f3dulos brindar\u00e1n servicio gratuito en un horario de 9:00 a 17:00 horas, permitiendo que la poblaci\u00f3n cuente con opciones cercanas y accesibles para completar sus esquemas de vacunaci\u00f3n.<\/p>\n\n\n\n<p>Ricardo Gallardo Cardona detall\u00f3 que la prioridad de su gobierno es brindar una atenci\u00f3n preventiva de calidad, enfoc\u00e1ndose especialmente en los sectores m\u00e1s vulnerables. Por ello, la convocatoria est\u00e1 dirigida a ni\u00f1as y ni\u00f1os de 12 y 18 meses de edad, as\u00ed como a menores de uno a 10 a\u00f1os que tengan esquemas incompletos.<\/p>\n\n\n\n<p>Asimismo, el mandatario hizo un llamado especial a las personas de entre 10 y 49 a\u00f1os que desconozcan su estatus vacunal para que aprovechen este esfuerzo institucional y se protejan contra esta enfermedad.<\/p>\n","protected":false},"excerpt":{"rendered":"<p>A trav\u00e9s del programa \u201cVisitando Corazones\u201d, el mandatario estatal intensifica la prevenci\u00f3n epidemiol\u00f3gica con la instalaci\u00f3n de m\u00f3dulos estrat\u00e9gicos para garantizar el bienestar de la poblaci\u00f3n. En un firme compromiso por salvaguardar la salud p\u00fablica y fortalecer la capacidad de respuesta sanitaria en el Estado, el Gobernador Ricardo Gallardo Cardona anunci\u00f3 que los m\u00f3dulos de [&hellip;]<\/p>\n","protected":false},"author":1,"featured_media":44000,"comment_status":"closed","ping_status":"closed","sticky":false,"template":"","format":"standard","meta":{"_et_pb_use_builder":"off","_et_pb_old_content":"","_et_gb_content_width":"","footnotes":""},"categories":[280],"tags":[],"class_list":["post-43995","post","type-post","status-publish","format-standard","has-post-thumbnail","hentry","category-gob-slp"],"_links":{"self":[{"href":"https:\/\/gerardoduque.com.mx\/index.php?rest_route=\/wp\/v2\/posts\/43995","targetHints":{"allow":["GET"]}}],"collection":[{"href":"https:\/\/gerardoduque.com.mx\/index.php?rest_route=\/wp\/v2\/posts"}],"about":[{"href":"https:\/\/gerardoduque.com.mx\/index.php?rest_route=\/wp\/v2\/types\/post"}],"author":[{"embeddable":true,"href":"https:\/\/gerardoduque.com.mx\/index.php?rest_route=\/wp\/v2\/users\/1"}],"replies":[{"embeddable":true,"href":"https:\/\/gerardoduque.com.mx\/index.php?rest_route=%2Fwp%2Fv2%2Fcomments&post=43995"}],"version-history":[{"count":0,"href":"https:\/\/gerardoduque.com.mx\/index.php?rest_route=\/wp\/v2\/posts\/43995\/revisions"}],"wp:featuredmedia":[{"embeddable":true,"href":"https:\/\/gerardoduque.com.mx\/index.php?rest_route=\/wp\/v2\/media\/44000"}],"wp:attachment":[{"href":"https:\/\/gerardoduque.com.mx\/index.php?rest_route=%2Fwp%2Fv2%2Fmedia&parent=43995"}],"wp:term":[{"taxonomy":"category","embeddable":true,"href":"https:\/\/gerardoduque.com.mx\/index.php?rest_route=%2Fwp%2Fv2%2Fcategories&post=43995"},{"taxonomy":"post_tag","embeddable":true,"href":"https:\/\/gerardoduque.com.mx\/index.php?rest_route=%2Fwp%2Fv2%2Ftags&post=43995"}],"curies":[{"name":"wp","href":"https:\/\/api.w.org\/{rel}","templated":true}]}}