{"id":43893,"date":"2026-02-01T17:06:10","date_gmt":"2026-02-01T23:06:10","guid":{"rendered":"https:\/\/gerardoduque.com.mx\/?p=43893"},"modified":"2026-02-01T17:06:57","modified_gmt":"2026-02-01T23:06:57","slug":"firman-convenio-para-acercar-capacitacion-a-jovenes","status":"publish","type":"post","link":"https:\/\/gerardoduque.com.mx\/?p=43893","title":{"rendered":"FIRMAN CONVENIO PARA ACERCAR CAPACITACI\u00d3N A J\u00d3VENES"},"content":{"rendered":"\n<p>El Instituto de Capacitaci\u00f3n para el Trabajo del Estado y el Instituto Potosino de la Juventud formalizaron un convenio de colaboraci\u00f3n para ampliar la oferta de capacitaci\u00f3n dirigida a las juventudes en el estado.<\/p>\n\n\n\n<p>El acuerdo contempla acciones conjuntas orientadas al desarrollo de habilidades alineadas con las necesidades del mercado laboral, as\u00ed como al impulso del empleo y el emprendimiento juvenil, mediante programas formativos y de profesionalizaci\u00f3n.<\/p>\n\n\n\n<p>Durante el encuentro se destac\u00f3 la capacitaci\u00f3n como una herramienta para fortalecer el crecimiento personal y social de los j\u00f3venes, con esquemas que faciliten su inserci\u00f3n laboral y el desarrollo de proyectos productivos.<\/p>\n\n\n\n<p>Las instituciones informaron que el convenio permitir\u00e1 coordinar recursos y esfuerzos para acercar opciones de formaci\u00f3n en distintos municipios, con el objetivo de ampliar el acceso a oportunidades de desarrollo para la poblaci\u00f3n joven.<\/p>\n","protected":false},"excerpt":{"rendered":"<p>El acuerdo permitir\u00e1 acercar programas de capacitaci\u00f3n a j\u00f3venes, con \u00e9nfasis en habilidades para el empleo y el emprendimiento.<\/p>\n","protected":false},"author":4,"featured_media":43894,"comment_status":"closed","ping_status":"closed","sticky":false,"template":"","format":"standard","meta":{"_et_pb_use_builder":"off","_et_pb_old_content":"","_et_gb_content_width":"","footnotes":""},"categories":[280],"tags":[72,281,66],"class_list":["post-43893","post","type-post","status-publish","format-standard","has-post-thumbnail","hentry","category-gob-slp","tag-gobierno-del-estado","tag-icat","tag-san-luis-potosi"],"_links":{"self":[{"href":"https:\/\/gerardoduque.com.mx\/index.php?rest_route=\/wp\/v2\/posts\/43893","targetHints":{"allow":["GET"]}}],"collection":[{"href":"https:\/\/gerardoduque.com.mx\/index.php?rest_route=\/wp\/v2\/posts"}],"about":[{"href":"https:\/\/gerardoduque.com.mx\/index.php?rest_route=\/wp\/v2\/types\/post"}],"author":[{"embeddable":true,"href":"https:\/\/gerardoduque.com.mx\/index.php?rest_route=\/wp\/v2\/users\/4"}],"replies":[{"embeddable":true,"href":"https:\/\/gerardoduque.com.mx\/index.php?rest_route=%2Fwp%2Fv2%2Fcomments&post=43893"}],"version-history":[{"count":0,"href":"https:\/\/gerardoduque.com.mx\/index.php?rest_route=\/wp\/v2\/posts\/43893\/revisions"}],"wp:featuredmedia":[{"embeddable":true,"href":"https:\/\/gerardoduque.com.mx\/index.php?rest_route=\/wp\/v2\/media\/43894"}],"wp:attachment":[{"href":"https:\/\/gerardoduque.com.mx\/index.php?rest_route=%2Fwp%2Fv2%2Fmedia&parent=43893"}],"wp:term":[{"taxonomy":"category","embeddable":true,"href":"https:\/\/gerardoduque.com.mx\/index.php?rest_route=%2Fwp%2Fv2%2Fcategories&post=43893"},{"taxonomy":"post_tag","embeddable":true,"href":"https:\/\/gerardoduque.com.mx\/index.php?rest_route=%2Fwp%2Fv2%2Ftags&post=43893"}],"curies":[{"name":"wp","href":"https:\/\/api.w.org\/{rel}","templated":true}]}}