{"id":43887,"date":"2026-02-01T15:55:37","date_gmt":"2026-02-01T21:55:37","guid":{"rendered":"https:\/\/gerardoduque.com.mx\/?p=43887"},"modified":"2026-02-01T15:56:21","modified_gmt":"2026-02-01T21:56:21","slug":"capacitan-a-municipios-en-evaluacion-de-seguridad-de-viviendas-ante-sismos","status":"publish","type":"post","link":"https:\/\/gerardoduque.com.mx\/?p=43887","title":{"rendered":"CAPACITAN A MUNICIPIOS EN EVALUACI\u00d3N DE SEGURIDAD DE VIVIENDAS ANTE SISMOS"},"content":{"rendered":"\n<p>La Coordinaci\u00f3n Estatal de Protecci\u00f3n Civil llev\u00f3 a cabo un curso de capacitaci\u00f3n sobre sismicidad y evaluaci\u00f3n r\u00e1pida de la seguridad de la vivienda, dirigido a personal operativo y directivo de los 59 municipios del estado, como parte de las acciones de prevenci\u00f3n y reducci\u00f3n de riesgos.<\/p>\n\n\n\n<p>La capacitaci\u00f3n fue impartida por la Escuela Nacional de Protecci\u00f3n Civil y se desarroll\u00f3 en modalidad virtual, con la participaci\u00f3n de 50 integrantes de coordinaciones municipales y personal estatal. Durante las sesiones se abordaron los principales riesgos y vulnerabilidades que enfrenta la entidad ante un evento s\u00edsmico.<\/p>\n\n\n\n<p>El curso incluy\u00f3 herramientas t\u00e9cnicas para la evaluaci\u00f3n oportuna de las condiciones estructurales de viviendas, con el objetivo de apoyar la toma de decisiones antes y despu\u00e9s de un sismo, as\u00ed como la emisi\u00f3n de diagn\u00f3sticos preliminares sobre la seguridad de los inmuebles.<\/p>\n\n\n\n<p>De acuerdo con lo informado, esta capacitaci\u00f3n busca fortalecer la capacidad de respuesta de las autoridades municipales y estatales, mediante criterios t\u00e9cnicos homologados para la atenci\u00f3n de emergencias y la protecci\u00f3n de la poblaci\u00f3n.<\/p>\n","protected":false},"excerpt":{"rendered":"<p>Personal operativo y directivo de los 59 municipios recibi\u00f3 capacitaci\u00f3n virtual sobre sismicidad y evaluaci\u00f3n r\u00e1pida de viviendas, con el fin de fortalecer la prevenci\u00f3n y la respuesta ante emergencias.<\/p>\n","protected":false},"author":4,"featured_media":43888,"comment_status":"closed","ping_status":"closed","sticky":false,"template":"","format":"standard","meta":{"_et_pb_use_builder":"off","_et_pb_old_content":"","_et_gb_content_width":"","footnotes":""},"categories":[280],"tags":[190,72,66],"class_list":["post-43887","post","type-post","status-publish","format-standard","has-post-thumbnail","hentry","category-gob-slp","tag-cepc","tag-gobierno-del-estado","tag-san-luis-potosi"],"_links":{"self":[{"href":"https:\/\/gerardoduque.com.mx\/index.php?rest_route=\/wp\/v2\/posts\/43887","targetHints":{"allow":["GET"]}}],"collection":[{"href":"https:\/\/gerardoduque.com.mx\/index.php?rest_route=\/wp\/v2\/posts"}],"about":[{"href":"https:\/\/gerardoduque.com.mx\/index.php?rest_route=\/wp\/v2\/types\/post"}],"author":[{"embeddable":true,"href":"https:\/\/gerardoduque.com.mx\/index.php?rest_route=\/wp\/v2\/users\/4"}],"replies":[{"embeddable":true,"href":"https:\/\/gerardoduque.com.mx\/index.php?rest_route=%2Fwp%2Fv2%2Fcomments&post=43887"}],"version-history":[{"count":0,"href":"https:\/\/gerardoduque.com.mx\/index.php?rest_route=\/wp\/v2\/posts\/43887\/revisions"}],"wp:featuredmedia":[{"embeddable":true,"href":"https:\/\/gerardoduque.com.mx\/index.php?rest_route=\/wp\/v2\/media\/43888"}],"wp:attachment":[{"href":"https:\/\/gerardoduque.com.mx\/index.php?rest_route=%2Fwp%2Fv2%2Fmedia&parent=43887"}],"wp:term":[{"taxonomy":"category","embeddable":true,"href":"https:\/\/gerardoduque.com.mx\/index.php?rest_route=%2Fwp%2Fv2%2Fcategories&post=43887"},{"taxonomy":"post_tag","embeddable":true,"href":"https:\/\/gerardoduque.com.mx\/index.php?rest_route=%2Fwp%2Fv2%2Ftags&post=43887"}],"curies":[{"name":"wp","href":"https:\/\/api.w.org\/{rel}","templated":true}]}}