{"id":43884,"date":"2026-02-01T15:23:17","date_gmt":"2026-02-01T21:23:17","guid":{"rendered":"https:\/\/gerardoduque.com.mx\/?p=43884"},"modified":"2026-02-01T15:24:30","modified_gmt":"2026-02-01T21:24:30","slug":"imparten-jornada-preventiva-sobre-depresion-en-centro-laboral-automotriz","status":"publish","type":"post","link":"https:\/\/gerardoduque.com.mx\/?p=43884","title":{"rendered":"IMPARTEN JORNADA PREVENTIVA SOBRE DEPRESI\u00d3N EN CENTRO LABORAL AUTOMOTRIZ"},"content":{"rendered":"\n<p>Personal especializado del Centro de Justicia para las Mujeres llev\u00f3 a cabo una jornada preventiva sobre salud mental en la General Motors Planta San Luis Potos\u00ed, dirigida a colaboradoras y colaboradores de la empresa.<\/p>\n\n\n\n<p>Durante la actividad se imparti\u00f3 la pl\u00e1tica \u201cSignos y s\u00edntomas de la depresi\u00f3n y sus cuidados\u201d, en la que se abordaron las manifestaciones m\u00e1s comunes de esta condici\u00f3n, la importancia de identificarla de manera oportuna y las opciones de atenci\u00f3n especializada disponibles.<\/p>\n\n\n\n<p>De forma complementaria, se instal\u00f3 un m\u00f3dulo informativo para difundir los servicios, programas de atenci\u00f3n y redes de apoyo que ofrece el Centro, con el objetivo de facilitar el acceso a orientaci\u00f3n y acompa\u00f1amiento en casos que lo requieran.<\/p>\n\n\n\n<p>Las acciones forman parte de las actividades de prevenci\u00f3n y sensibilizaci\u00f3n en entornos laborales, orientadas a promover el bienestar emocional y la informaci\u00f3n oportuna sobre salud mental.<\/p>\n","protected":false},"excerpt":{"rendered":"<p>Se imparti\u00f3 una jornada preventiva sobre salud mental en una empresa del sector automotriz, con \u00e9nfasis en la identificaci\u00f3n temprana de la depresi\u00f3n y el acceso a redes de apoyo.<\/p>\n","protected":false},"author":4,"featured_media":43885,"comment_status":"closed","ping_status":"closed","sticky":false,"template":"","format":"standard","meta":{"_et_pb_use_builder":"off","_et_pb_old_content":"","_et_gb_content_width":"","footnotes":""},"categories":[280],"tags":[317,72,66],"class_list":["post-43884","post","type-post","status-publish","format-standard","has-post-thumbnail","hentry","category-gob-slp","tag-cjm","tag-gobierno-del-estado","tag-san-luis-potosi"],"_links":{"self":[{"href":"https:\/\/gerardoduque.com.mx\/index.php?rest_route=\/wp\/v2\/posts\/43884","targetHints":{"allow":["GET"]}}],"collection":[{"href":"https:\/\/gerardoduque.com.mx\/index.php?rest_route=\/wp\/v2\/posts"}],"about":[{"href":"https:\/\/gerardoduque.com.mx\/index.php?rest_route=\/wp\/v2\/types\/post"}],"author":[{"embeddable":true,"href":"https:\/\/gerardoduque.com.mx\/index.php?rest_route=\/wp\/v2\/users\/4"}],"replies":[{"embeddable":true,"href":"https:\/\/gerardoduque.com.mx\/index.php?rest_route=%2Fwp%2Fv2%2Fcomments&post=43884"}],"version-history":[{"count":0,"href":"https:\/\/gerardoduque.com.mx\/index.php?rest_route=\/wp\/v2\/posts\/43884\/revisions"}],"wp:featuredmedia":[{"embeddable":true,"href":"https:\/\/gerardoduque.com.mx\/index.php?rest_route=\/wp\/v2\/media\/43885"}],"wp:attachment":[{"href":"https:\/\/gerardoduque.com.mx\/index.php?rest_route=%2Fwp%2Fv2%2Fmedia&parent=43884"}],"wp:term":[{"taxonomy":"category","embeddable":true,"href":"https:\/\/gerardoduque.com.mx\/index.php?rest_route=%2Fwp%2Fv2%2Fcategories&post=43884"},{"taxonomy":"post_tag","embeddable":true,"href":"https:\/\/gerardoduque.com.mx\/index.php?rest_route=%2Fwp%2Fv2%2Ftags&post=43884"}],"curies":[{"name":"wp","href":"https:\/\/api.w.org\/{rel}","templated":true}]}}