{"id":43881,"date":"2026-02-01T13:52:55","date_gmt":"2026-02-01T19:52:55","guid":{"rendered":"https:\/\/gerardoduque.com.mx\/?p=43881"},"modified":"2026-02-01T13:53:40","modified_gmt":"2026-02-01T19:53:40","slug":"donan-equipo-de-computo-para-programa-de-manufactura-avanzada-en-modalidad-mixta-de-la-upslp","status":"publish","type":"post","link":"https:\/\/gerardoduque.com.mx\/?p=43881","title":{"rendered":"DONAN EQUIPO DE C\u00d3MPUTO PARA PROGRAMA DE MANUFACTURA AVANZADA EN MODALIDAD MIXTA DE LA UPSLP"},"content":{"rendered":"\n<p>La Universidad Polit\u00e9cnica de San Luis Potos\u00ed recibi\u00f3 una donaci\u00f3n de equipo de c\u00f3mputo por parte de la empresa SL M\u00e9xico, con el objetivo de fortalecer el programa de Ingenier\u00eda en Manufactura Avanzada que se imparte en modalidad mixta, en coordinaci\u00f3n con el Colegio Nacional de Educaci\u00f3n Profesional T\u00e9cnica plantel Villa de Reyes.<\/p>\n\n\n\n<p>El equipo ser\u00e1 utilizado para mejorar las condiciones tecnol\u00f3gicas del programa, el cual est\u00e1 dise\u00f1ado para que los estudiantes combinen su formaci\u00f3n acad\u00e9mica con actividades productivas vinculadas al sector industrial.<\/p>\n\n\n\n<p>La entrega se realiz\u00f3 con la participaci\u00f3n de autoridades universitarias y directivos de la empresa, quienes destacaron la importancia de la vinculaci\u00f3n entre instituciones educativas y la iniciativa privada para atender las necesidades de capacitaci\u00f3n y formaci\u00f3n t\u00e9cnica especializada.<\/p>\n\n\n\n<p>Con esta colaboraci\u00f3n, el programa de modalidad mixta refuerza su esquema de educaci\u00f3n dual y ampl\u00eda los recursos disponibles para el desarrollo acad\u00e9mico de los estudiantes inscritos.<\/p>\n","protected":false},"excerpt":{"rendered":"<p>La Universidad Polit\u00e9cnica de San Luis Potos\u00ed recibi\u00f3 equipo de c\u00f3mputo destinado al fortalecimiento del programa de Ingenier\u00eda en Manufactura Avanzada en modalidad mixta, que se imparte en colaboraci\u00f3n con Conalep Villa de Reyes.<\/p>\n","protected":false},"author":4,"featured_media":43882,"comment_status":"closed","ping_status":"closed","sticky":false,"template":"","format":"standard","meta":{"_et_pb_use_builder":"off","_et_pb_old_content":"","_et_gb_content_width":"","footnotes":""},"categories":[280],"tags":[72,66,500],"class_list":["post-43881","post","type-post","status-publish","format-standard","has-post-thumbnail","hentry","category-gob-slp","tag-gobierno-del-estado","tag-san-luis-potosi","tag-upslp"],"_links":{"self":[{"href":"https:\/\/gerardoduque.com.mx\/index.php?rest_route=\/wp\/v2\/posts\/43881","targetHints":{"allow":["GET"]}}],"collection":[{"href":"https:\/\/gerardoduque.com.mx\/index.php?rest_route=\/wp\/v2\/posts"}],"about":[{"href":"https:\/\/gerardoduque.com.mx\/index.php?rest_route=\/wp\/v2\/types\/post"}],"author":[{"embeddable":true,"href":"https:\/\/gerardoduque.com.mx\/index.php?rest_route=\/wp\/v2\/users\/4"}],"replies":[{"embeddable":true,"href":"https:\/\/gerardoduque.com.mx\/index.php?rest_route=%2Fwp%2Fv2%2Fcomments&post=43881"}],"version-history":[{"count":0,"href":"https:\/\/gerardoduque.com.mx\/index.php?rest_route=\/wp\/v2\/posts\/43881\/revisions"}],"wp:featuredmedia":[{"embeddable":true,"href":"https:\/\/gerardoduque.com.mx\/index.php?rest_route=\/wp\/v2\/media\/43882"}],"wp:attachment":[{"href":"https:\/\/gerardoduque.com.mx\/index.php?rest_route=%2Fwp%2Fv2%2Fmedia&parent=43881"}],"wp:term":[{"taxonomy":"category","embeddable":true,"href":"https:\/\/gerardoduque.com.mx\/index.php?rest_route=%2Fwp%2Fv2%2Fcategories&post=43881"},{"taxonomy":"post_tag","embeddable":true,"href":"https:\/\/gerardoduque.com.mx\/index.php?rest_route=%2Fwp%2Fv2%2Ftags&post=43881"}],"curies":[{"name":"wp","href":"https:\/\/api.w.org\/{rel}","templated":true}]}}