{"id":43878,"date":"2026-02-01T11:50:14","date_gmt":"2026-02-01T17:50:14","guid":{"rendered":"https:\/\/gerardoduque.com.mx\/?p=43878"},"modified":"2026-02-01T11:51:02","modified_gmt":"2026-02-01T17:51:02","slug":"entregan-financiamientos-a-proyectos-productivos-y-educativos-en-la-huasteca","status":"publish","type":"post","link":"https:\/\/gerardoduque.com.mx\/?p=43878","title":{"rendered":"ENTREGAN FINANCIAMIENTOS A PROYECTOS PRODUCTIVOS Y EDUCATIVOS EN LA HUASTECA"},"content":{"rendered":"\n<p>En la regi\u00f3n Huasteca se realiz\u00f3 la entrega de apoyos financieros destinados a proyectos productivos y educativos, como parte de las acciones de atenci\u00f3n regional mediante esquemas de cr\u00e9dito vigentes.<\/p>\n\n\n\n<p>El titular del Sistema de Financiamiento para el Desarrollo del Estado supervis\u00f3 la operaci\u00f3n de las oficinas locales y formaliz\u00f3 la entrega de financiamientos a personas beneficiarias, con el objetivo de dar seguimiento a los procesos y verificar la aplicaci\u00f3n de los recursos.<\/p>\n\n\n\n<p>De acuerdo con la informaci\u00f3n presentada, los apoyos se otorgaron a trav\u00e9s de programas como Becas Cr\u00e9dito, Cr\u00e9dito a la Palabra y Capasif\u00eddate, con un monto total financiado de 120 mil pesos. Los recursos se destinaron a iniciativas impulsadas por j\u00f3venes, emprendedores y jefas de familia.<\/p>\n\n\n\n<p>Las acciones forman parte de los esquemas de financiamiento que operan en la regi\u00f3n para facilitar el acceso a recursos y apoyar el desarrollo de proyectos locales.<\/p>\n","protected":false},"excerpt":{"rendered":"<p>Se entregaron financiamientos por 120 mil pesos a proyectos productivos y educativos en la regi\u00f3n Huasteca, dirigidos a j\u00f3venes, emprendedores y jefas de familia.<\/p>\n","protected":false},"author":4,"featured_media":43879,"comment_status":"closed","ping_status":"closed","sticky":false,"template":"","format":"standard","meta":{"_et_pb_use_builder":"off","_et_pb_old_content":"","_et_gb_content_width":"","footnotes":""},"categories":[280],"tags":[72,66,219],"class_list":["post-43878","post","type-post","status-publish","format-standard","has-post-thumbnail","hentry","category-gob-slp","tag-gobierno-del-estado","tag-san-luis-potosi","tag-sifide"],"_links":{"self":[{"href":"https:\/\/gerardoduque.com.mx\/index.php?rest_route=\/wp\/v2\/posts\/43878","targetHints":{"allow":["GET"]}}],"collection":[{"href":"https:\/\/gerardoduque.com.mx\/index.php?rest_route=\/wp\/v2\/posts"}],"about":[{"href":"https:\/\/gerardoduque.com.mx\/index.php?rest_route=\/wp\/v2\/types\/post"}],"author":[{"embeddable":true,"href":"https:\/\/gerardoduque.com.mx\/index.php?rest_route=\/wp\/v2\/users\/4"}],"replies":[{"embeddable":true,"href":"https:\/\/gerardoduque.com.mx\/index.php?rest_route=%2Fwp%2Fv2%2Fcomments&post=43878"}],"version-history":[{"count":0,"href":"https:\/\/gerardoduque.com.mx\/index.php?rest_route=\/wp\/v2\/posts\/43878\/revisions"}],"wp:featuredmedia":[{"embeddable":true,"href":"https:\/\/gerardoduque.com.mx\/index.php?rest_route=\/wp\/v2\/media\/43879"}],"wp:attachment":[{"href":"https:\/\/gerardoduque.com.mx\/index.php?rest_route=%2Fwp%2Fv2%2Fmedia&parent=43878"}],"wp:term":[{"taxonomy":"category","embeddable":true,"href":"https:\/\/gerardoduque.com.mx\/index.php?rest_route=%2Fwp%2Fv2%2Fcategories&post=43878"},{"taxonomy":"post_tag","embeddable":true,"href":"https:\/\/gerardoduque.com.mx\/index.php?rest_route=%2Fwp%2Fv2%2Ftags&post=43878"}],"curies":[{"name":"wp","href":"https:\/\/api.w.org\/{rel}","templated":true}]}}