{"id":43874,"date":"2026-02-01T10:32:22","date_gmt":"2026-02-01T16:32:22","guid":{"rendered":"https:\/\/gerardoduque.com.mx\/?p=43874"},"modified":"2026-02-01T10:33:09","modified_gmt":"2026-02-01T16:33:09","slug":"acuerdan-fortalecer-busqueda-y-atencion-a-victimas-en-encuentro-interinstitucional","status":"publish","type":"post","link":"https:\/\/gerardoduque.com.mx\/?p=43874","title":{"rendered":"ACUERDAN FORTALECER B\u00daSQUEDA Y ATENCI\u00d3N A V\u00cdCTIMAS EN ENCUENTRO INTERINSTITUCIONAL"},"content":{"rendered":"\n<p>Durante un encuentro entre autoridades y colectivos de familias de personas desaparecidas, se revisaron avances y acuerdos para fortalecer las acciones de b\u00fasqueda, localizaci\u00f3n e identificaci\u00f3n, as\u00ed como la atenci\u00f3n a v\u00edctimas, mediante esquemas de coordinaci\u00f3n y di\u00e1logo permanente.<\/p>\n\n\n\n<p>La comisionada de la Comisi\u00f3n Nacional de B\u00fasqueda de Personas, Martha Lidia P\u00e9rez Gumencindo, present\u00f3 los ejes nacionales de trabajo en la materia y subray\u00f3 la importancia del an\u00e1lisis de contexto y la participaci\u00f3n de las v\u00edctimas en los procesos. Asimismo, destac\u00f3 la necesidad de mantener canales abiertos de comunicaci\u00f3n con colectivos de las cuatro regiones.<\/p>\n\n\n\n<p>Entre los acuerdos se plante\u00f3 el fortalecimiento del marco normativo y de las capacidades operativas de las comisiones Nacional y Estatal de B\u00fasqueda, as\u00ed como la atenci\u00f3n inmediata en casos de desapariciones recientes. Tambi\u00e9n se inform\u00f3 sobre la disponibilidad de presupuesto y lineamientos para el ejercicio 2026.<\/p>\n\n\n\n<p>Las autoridades y representantes de colectivos coincidieron en dar seguimiento a los compromisos establecidos, con el objetivo de mejorar la coordinaci\u00f3n interinstitucional y la atenci\u00f3n integral a las familias.<\/p>\n","protected":false},"excerpt":{"rendered":"<p>Autoridades federales y estatales, junto con colectivos de familias, revisaron avances y l\u00edneas de trabajo en materia de b\u00fasqueda y atenci\u00f3n a v\u00edctimas en las cuatro regiones del estado.<\/p>\n","protected":false},"author":4,"featured_media":43875,"comment_status":"closed","ping_status":"closed","sticky":false,"template":"","format":"standard","meta":{"_et_pb_use_builder":"off","_et_pb_old_content":"","_et_gb_content_width":"","footnotes":""},"categories":[280],"tags":[374,72,66],"class_list":["post-43874","post","type-post","status-publish","format-standard","has-post-thumbnail","hentry","category-gob-slp","tag-cebp","tag-gobierno-del-estado","tag-san-luis-potosi"],"_links":{"self":[{"href":"https:\/\/gerardoduque.com.mx\/index.php?rest_route=\/wp\/v2\/posts\/43874","targetHints":{"allow":["GET"]}}],"collection":[{"href":"https:\/\/gerardoduque.com.mx\/index.php?rest_route=\/wp\/v2\/posts"}],"about":[{"href":"https:\/\/gerardoduque.com.mx\/index.php?rest_route=\/wp\/v2\/types\/post"}],"author":[{"embeddable":true,"href":"https:\/\/gerardoduque.com.mx\/index.php?rest_route=\/wp\/v2\/users\/4"}],"replies":[{"embeddable":true,"href":"https:\/\/gerardoduque.com.mx\/index.php?rest_route=%2Fwp%2Fv2%2Fcomments&post=43874"}],"version-history":[{"count":0,"href":"https:\/\/gerardoduque.com.mx\/index.php?rest_route=\/wp\/v2\/posts\/43874\/revisions"}],"wp:featuredmedia":[{"embeddable":true,"href":"https:\/\/gerardoduque.com.mx\/index.php?rest_route=\/wp\/v2\/media\/43875"}],"wp:attachment":[{"href":"https:\/\/gerardoduque.com.mx\/index.php?rest_route=%2Fwp%2Fv2%2Fmedia&parent=43874"}],"wp:term":[{"taxonomy":"category","embeddable":true,"href":"https:\/\/gerardoduque.com.mx\/index.php?rest_route=%2Fwp%2Fv2%2Fcategories&post=43874"},{"taxonomy":"post_tag","embeddable":true,"href":"https:\/\/gerardoduque.com.mx\/index.php?rest_route=%2Fwp%2Fv2%2Ftags&post=43874"}],"curies":[{"name":"wp","href":"https:\/\/api.w.org\/{rel}","templated":true}]}}