{"id":43871,"date":"2026-02-01T09:49:12","date_gmt":"2026-02-01T15:49:12","guid":{"rendered":"https:\/\/gerardoduque.com.mx\/?p=43871"},"modified":"2026-02-01T09:49:57","modified_gmt":"2026-02-01T15:49:57","slug":"instalaran-portabicicletas-en-unidades-de-metrored-para-traslado-combinado","status":"publish","type":"post","link":"https:\/\/gerardoduque.com.mx\/?p=43871","title":{"rendered":"INSTALAR\u00c1N PORTABICICLETAS EN UNIDADES DE METRORED PARA TRASLADO COMBINADO"},"content":{"rendered":"\n<p>El Gobierno del Estado inform\u00f3 que iniciar\u00e1 una primera etapa para la instalaci\u00f3n de equipo especializado destinado al traslado seguro de bicicletas en unidades del sistema MetroRed, con el objetivo de facilitar la combinaci\u00f3n del transporte p\u00fablico con el uso de bicicleta en la zona metropolitana.<\/p>\n\n\n\n<p>De acuerdo con lo informado, la implementaci\u00f3n se realizar\u00e1 por etapas y contempla la definici\u00f3n de rutas espec\u00edficas para un periodo de prueba. Esta fase permitir\u00e1 evaluar la operaci\u00f3n del servicio y realizar ajustes antes de una eventual ampliaci\u00f3n.<\/p>\n\n\n\n<p>La medida busca mejorar la conectividad entre colonias y puntos de destino, as\u00ed como reducir tiempos de traslado mediante esquemas de movilidad complementaria que integren distintos medios de transporte.<\/p>\n\n\n\n<p>Las autoridades se\u00f1alaron que el proyecto se incorporar\u00e1 de manera gradual y estar\u00e1 sujeto a evaluaci\u00f3n operativa, con el fin de garantizar condiciones adecuadas de seguridad y funcionamiento para los usuarios.<\/p>\n","protected":false},"excerpt":{"rendered":"<p>Se anunci\u00f3 la instalaci\u00f3n inicial de portabicicletas en unidades del sistema MetroRed para permitir el traslado combinado de bicicleta y transporte p\u00fablico en la zona metropolitana.<\/p>\n","protected":false},"author":4,"featured_media":43872,"comment_status":"closed","ping_status":"closed","sticky":false,"template":"","format":"standard","meta":{"_et_pb_use_builder":"","_et_pb_old_content":"","_et_gb_content_width":"","footnotes":""},"categories":[280],"tags":[72,66,216],"class_list":["post-43871","post","type-post","status-publish","format-standard","has-post-thumbnail","hentry","category-gob-slp","tag-gobierno-del-estado","tag-san-luis-potosi","tag-sct"],"_links":{"self":[{"href":"https:\/\/gerardoduque.com.mx\/index.php?rest_route=\/wp\/v2\/posts\/43871","targetHints":{"allow":["GET"]}}],"collection":[{"href":"https:\/\/gerardoduque.com.mx\/index.php?rest_route=\/wp\/v2\/posts"}],"about":[{"href":"https:\/\/gerardoduque.com.mx\/index.php?rest_route=\/wp\/v2\/types\/post"}],"author":[{"embeddable":true,"href":"https:\/\/gerardoduque.com.mx\/index.php?rest_route=\/wp\/v2\/users\/4"}],"replies":[{"embeddable":true,"href":"https:\/\/gerardoduque.com.mx\/index.php?rest_route=%2Fwp%2Fv2%2Fcomments&post=43871"}],"version-history":[{"count":0,"href":"https:\/\/gerardoduque.com.mx\/index.php?rest_route=\/wp\/v2\/posts\/43871\/revisions"}],"wp:featuredmedia":[{"embeddable":true,"href":"https:\/\/gerardoduque.com.mx\/index.php?rest_route=\/wp\/v2\/media\/43872"}],"wp:attachment":[{"href":"https:\/\/gerardoduque.com.mx\/index.php?rest_route=%2Fwp%2Fv2%2Fmedia&parent=43871"}],"wp:term":[{"taxonomy":"category","embeddable":true,"href":"https:\/\/gerardoduque.com.mx\/index.php?rest_route=%2Fwp%2Fv2%2Fcategories&post=43871"},{"taxonomy":"post_tag","embeddable":true,"href":"https:\/\/gerardoduque.com.mx\/index.php?rest_route=%2Fwp%2Fv2%2Ftags&post=43871"}],"curies":[{"name":"wp","href":"https:\/\/api.w.org\/{rel}","templated":true}]}}