{"id":43862,"date":"2026-01-31T11:08:41","date_gmt":"2026-01-31T17:08:41","guid":{"rendered":"https:\/\/gerardoduque.com.mx\/?p=43862"},"modified":"2026-01-31T11:08:49","modified_gmt":"2026-01-31T17:08:49","slug":"reflexionan-sobre-la-educacion-como-derecho-fundamental-en-conferencia-conmemorativa","status":"publish","type":"post","link":"https:\/\/gerardoduque.com.mx\/?p=43862","title":{"rendered":"REFLEXIONAN SOBRE LA EDUCACI\u00d3N COMO DERECHO FUNDAMENTAL EN CONFERENCIA CONMEMORATIVA"},"content":{"rendered":"\n<p>Como parte de la conmemoraci\u00f3n, se realiz\u00f3 la conferencia \u201cLa educaci\u00f3n como derecho auxiliar en el desarrollo armonioso de las ni\u00f1as, ni\u00f1os y adolescentes\u201d, impartida por la Comisi\u00f3n Estatal de Derechos Humanos en el auditorio de la Escuela Margarita Maza de Ju\u00e1rez.<\/p>\n\n\n\n<p>La ponencia estuvo a cargo de Alejandra Collazo Rodr\u00edguez y cont\u00f3 con la asistencia de m\u00e1s de 150 participantes de los niveles de educaci\u00f3n especial, preescolar, primaria y secundaria del Sistema Educativo Estatal Regular.<\/p>\n\n\n\n<p>Durante la actividad se abord\u00f3 la educaci\u00f3n como un derecho que incide en el desarrollo social y emocional de la comunidad estudiantil, as\u00ed como en la construcci\u00f3n de entornos escolares que favorezcan la protecci\u00f3n y el bienestar de la ni\u00f1ez y adolescencia.<\/p>\n","protected":false},"excerpt":{"rendered":"<p>En el marco del D\u00eda Internacional de la Educaci\u00f3n, se llevaron a cabo actividades orientadas a reforzar la educaci\u00f3n como un derecho fundamental y un elemento clave para el desarrollo integral de ni\u00f1os y adolescentes.<\/p>\n","protected":false},"author":4,"featured_media":43863,"comment_status":"closed","ping_status":"closed","sticky":false,"template":"","format":"standard","meta":{"_et_pb_use_builder":"off","_et_pb_old_content":"","_et_gb_content_width":"","footnotes":""},"categories":[280],"tags":[229,72,66],"class_list":["post-43862","post","type-post","status-publish","format-standard","has-post-thumbnail","hentry","category-gob-slp","tag-cedh","tag-gobierno-del-estado","tag-san-luis-potosi"],"_links":{"self":[{"href":"https:\/\/gerardoduque.com.mx\/index.php?rest_route=\/wp\/v2\/posts\/43862","targetHints":{"allow":["GET"]}}],"collection":[{"href":"https:\/\/gerardoduque.com.mx\/index.php?rest_route=\/wp\/v2\/posts"}],"about":[{"href":"https:\/\/gerardoduque.com.mx\/index.php?rest_route=\/wp\/v2\/types\/post"}],"author":[{"embeddable":true,"href":"https:\/\/gerardoduque.com.mx\/index.php?rest_route=\/wp\/v2\/users\/4"}],"replies":[{"embeddable":true,"href":"https:\/\/gerardoduque.com.mx\/index.php?rest_route=%2Fwp%2Fv2%2Fcomments&post=43862"}],"version-history":[{"count":0,"href":"https:\/\/gerardoduque.com.mx\/index.php?rest_route=\/wp\/v2\/posts\/43862\/revisions"}],"wp:featuredmedia":[{"embeddable":true,"href":"https:\/\/gerardoduque.com.mx\/index.php?rest_route=\/wp\/v2\/media\/43863"}],"wp:attachment":[{"href":"https:\/\/gerardoduque.com.mx\/index.php?rest_route=%2Fwp%2Fv2%2Fmedia&parent=43862"}],"wp:term":[{"taxonomy":"category","embeddable":true,"href":"https:\/\/gerardoduque.com.mx\/index.php?rest_route=%2Fwp%2Fv2%2Fcategories&post=43862"},{"taxonomy":"post_tag","embeddable":true,"href":"https:\/\/gerardoduque.com.mx\/index.php?rest_route=%2Fwp%2Fv2%2Ftags&post=43862"}],"curies":[{"name":"wp","href":"https:\/\/api.w.org\/{rel}","templated":true}]}}