{"id":43859,"date":"2026-01-31T11:05:13","date_gmt":"2026-01-31T17:05:13","guid":{"rendered":"https:\/\/gerardoduque.com.mx\/?p=43859"},"modified":"2026-01-31T11:05:22","modified_gmt":"2026-01-31T17:05:22","slug":"activan-medidas-preventivas-ante-llegada-del-frente-frio-32","status":"publish","type":"post","link":"https:\/\/gerardoduque.com.mx\/?p=43859","title":{"rendered":"ACTIVAN MEDIDAS PREVENTIVAS ANTE LLEGADA DEL FRENTE FR\u00cdO 32"},"content":{"rendered":"\n<p>La Coordinaci\u00f3n Estatal de Protecci\u00f3n Civil inform\u00f3 que se encuentra preparada para atender a la poblaci\u00f3n vulnerable ante la llegada del frente fr\u00edo n\u00famero 32, mediante el refuerzo de acciones preventivas en las cuatro regiones del estado.<\/p>\n\n\n\n<p>De acuerdo con el reporte, a partir de este viernes y durante el fin de semana se prev\u00e9 el ingreso de una masa de aire \u00e1rtico que ocasionar\u00e1 cielo medio nublado, bancos de niebla matutinos y lluvias vespertinas en la Huasteca y la regi\u00f3n Media. Tambi\u00e9n se esperan vientos de hasta 40 kil\u00f3metros por hora, con rachas que podr\u00edan alcanzar los 60 kil\u00f3metros por hora en zonas serranas y partes altas.<\/p>\n\n\n\n<p>Las autoridades se\u00f1alaron que el descenso t\u00e9rmico ser\u00e1 significativo, con temperaturas de hasta -3 grados cent\u00edgrados en las regiones Centro y Altiplano, y m\u00ednimas de hasta -6 grados en zonas serranas, condiciones que incrementan el riesgo para personas en situaci\u00f3n de vulnerabilidad.<\/p>\n\n\n\n<p>Ante este escenario, se inform\u00f3 que se intensificaron los operativos de entrega de apoyos invernales y cobijas. Asimismo, se exhort\u00f3 a la poblaci\u00f3n a vestirse en capas, mantener ventilaci\u00f3n adecuada al usar calentadores y proteger tuber\u00edas y medidores de agua para prevenir da\u00f1os por congelamiento.<\/p>\n","protected":false},"excerpt":{"rendered":"<p>Se activaron medidas preventivas ante la llegada del frente fr\u00edo n\u00famero 32, con \u00e9nfasis en atenci\u00f3n a poblaci\u00f3n vulnerable y pron\u00f3stico de descenso severo de temperaturas en varias regiones.<\/p>\n","protected":false},"author":4,"featured_media":43860,"comment_status":"closed","ping_status":"closed","sticky":false,"template":"","format":"standard","meta":{"_et_pb_use_builder":"off","_et_pb_old_content":"","_et_gb_content_width":"","footnotes":""},"categories":[280],"tags":[190,72,66],"class_list":["post-43859","post","type-post","status-publish","format-standard","has-post-thumbnail","hentry","category-gob-slp","tag-cepc","tag-gobierno-del-estado","tag-san-luis-potosi"],"_links":{"self":[{"href":"https:\/\/gerardoduque.com.mx\/index.php?rest_route=\/wp\/v2\/posts\/43859","targetHints":{"allow":["GET"]}}],"collection":[{"href":"https:\/\/gerardoduque.com.mx\/index.php?rest_route=\/wp\/v2\/posts"}],"about":[{"href":"https:\/\/gerardoduque.com.mx\/index.php?rest_route=\/wp\/v2\/types\/post"}],"author":[{"embeddable":true,"href":"https:\/\/gerardoduque.com.mx\/index.php?rest_route=\/wp\/v2\/users\/4"}],"replies":[{"embeddable":true,"href":"https:\/\/gerardoduque.com.mx\/index.php?rest_route=%2Fwp%2Fv2%2Fcomments&post=43859"}],"version-history":[{"count":0,"href":"https:\/\/gerardoduque.com.mx\/index.php?rest_route=\/wp\/v2\/posts\/43859\/revisions"}],"wp:featuredmedia":[{"embeddable":true,"href":"https:\/\/gerardoduque.com.mx\/index.php?rest_route=\/wp\/v2\/media\/43860"}],"wp:attachment":[{"href":"https:\/\/gerardoduque.com.mx\/index.php?rest_route=%2Fwp%2Fv2%2Fmedia&parent=43859"}],"wp:term":[{"taxonomy":"category","embeddable":true,"href":"https:\/\/gerardoduque.com.mx\/index.php?rest_route=%2Fwp%2Fv2%2Fcategories&post=43859"},{"taxonomy":"post_tag","embeddable":true,"href":"https:\/\/gerardoduque.com.mx\/index.php?rest_route=%2Fwp%2Fv2%2Ftags&post=43859"}],"curies":[{"name":"wp","href":"https:\/\/api.w.org\/{rel}","templated":true}]}}