{"id":43850,"date":"2026-01-31T10:12:37","date_gmt":"2026-01-31T16:12:37","guid":{"rendered":"https:\/\/gerardoduque.com.mx\/?p=43850"},"modified":"2026-01-31T10:12:44","modified_gmt":"2026-01-31T16:12:44","slug":"avanzan-obras-en-laterales-de-la-carretera-57-a-la-altura-del-eje-108","status":"publish","type":"post","link":"https:\/\/gerardoduque.com.mx\/?p=43850","title":{"rendered":"AVANZAN OBRAS EN LATERALES DE LA CARRETERA 57 A LA ALTURA DEL EJE 108"},"content":{"rendered":"\n<p>La Secretar\u00eda de Desarrollo Urbano, Vivienda y Obra P\u00fablica da seguimiento a los trabajos de rehabilitaci\u00f3n en las laterales de la Carretera 57, a la altura del Eje 108, donde se aplican horarios escalonados para disminuir el impacto vial durante las labores.<\/p>\n\n\n\n<p>Los trabajos incluyen el fresado de la carpeta asf\u00e1ltica da\u00f1ada y el posterior tendido de nueva carpeta, con el objetivo de mejorar las condiciones de rodamiento y la seguridad de quienes transitan por la zona. De acuerdo con la dependencia, las acciones se ejecutan de manera gradual para mantener la circulaci\u00f3n vehicular.<\/p>\n\n\n\n<p>Previo al inicio de la obra, se realizaron estudios de la infraestructura inferior que permitieron identificar baches, fugas de agua y otros puntos que requer\u00edan atenci\u00f3n espec\u00edfica. Esta revisi\u00f3n t\u00e9cnica busca asegurar que la intervenci\u00f3n sea precisa y que la rehabilitaci\u00f3n tenga mayor durabilidad.<\/p>\n\n\n\n<p>Las labores registran un avance aproximado del 15 por ciento y forman parte de los trabajos de mantenimiento y modernizaci\u00f3n de la red carretera estatal, orientados a mejorar la movilidad en una de las vialidades con mayor carga vehicular.<\/p>\n","protected":false},"excerpt":{"rendered":"<p>Avanzan trabajos de rehabilitaci\u00f3n en laterales de la Carretera 57, a la altura del Eje 108, con labores programadas para reducir afectaciones al tr\u00e1nsito.<\/p>\n","protected":false},"author":4,"featured_media":43851,"comment_status":"closed","ping_status":"closed","sticky":false,"template":"","format":"standard","meta":{"_et_pb_use_builder":"off","_et_pb_old_content":"","_et_gb_content_width":"","footnotes":""},"categories":[280],"tags":[72,66,74],"class_list":["post-43850","post","type-post","status-publish","format-standard","has-post-thumbnail","hentry","category-gob-slp","tag-gobierno-del-estado","tag-san-luis-potosi","tag-seduvop"],"_links":{"self":[{"href":"https:\/\/gerardoduque.com.mx\/index.php?rest_route=\/wp\/v2\/posts\/43850","targetHints":{"allow":["GET"]}}],"collection":[{"href":"https:\/\/gerardoduque.com.mx\/index.php?rest_route=\/wp\/v2\/posts"}],"about":[{"href":"https:\/\/gerardoduque.com.mx\/index.php?rest_route=\/wp\/v2\/types\/post"}],"author":[{"embeddable":true,"href":"https:\/\/gerardoduque.com.mx\/index.php?rest_route=\/wp\/v2\/users\/4"}],"replies":[{"embeddable":true,"href":"https:\/\/gerardoduque.com.mx\/index.php?rest_route=%2Fwp%2Fv2%2Fcomments&post=43850"}],"version-history":[{"count":0,"href":"https:\/\/gerardoduque.com.mx\/index.php?rest_route=\/wp\/v2\/posts\/43850\/revisions"}],"wp:featuredmedia":[{"embeddable":true,"href":"https:\/\/gerardoduque.com.mx\/index.php?rest_route=\/wp\/v2\/media\/43851"}],"wp:attachment":[{"href":"https:\/\/gerardoduque.com.mx\/index.php?rest_route=%2Fwp%2Fv2%2Fmedia&parent=43850"}],"wp:term":[{"taxonomy":"category","embeddable":true,"href":"https:\/\/gerardoduque.com.mx\/index.php?rest_route=%2Fwp%2Fv2%2Fcategories&post=43850"},{"taxonomy":"post_tag","embeddable":true,"href":"https:\/\/gerardoduque.com.mx\/index.php?rest_route=%2Fwp%2Fv2%2Ftags&post=43850"}],"curies":[{"name":"wp","href":"https:\/\/api.w.org\/{rel}","templated":true}]}}