{"id":43847,"date":"2026-01-31T10:01:59","date_gmt":"2026-01-31T16:01:59","guid":{"rendered":"https:\/\/gerardoduque.com.mx\/?p=43847"},"modified":"2026-01-31T10:02:07","modified_gmt":"2026-01-31T16:02:07","slug":"inicia-jornada-de-protesis-y-cirugias-reconstructivas-de-mama-para-50-mujeres","status":"publish","type":"post","link":"https:\/\/gerardoduque.com.mx\/?p=43847","title":{"rendered":"INICIA JORNADA DE PR\u00d3TESIS Y CIRUG\u00cdAS RECONSTRUCTIVAS DE MAMA PARA 50 MUJERES"},"content":{"rendered":"\n<p>El Sistema Estatal para el Desarrollo Integral de la Familia dio inicio a la Jornada 2026 de entrega de pr\u00f3tesis y cirug\u00edas reconstructivas de mama en coordinaci\u00f3n con aliados estrat\u00e9gicos, en beneficio de 50 mujeres potosinas que no cuentan con seguridad social.<\/p>\n\n\n\n<p>Las intervenciones m\u00e9dicas se realizan en el Hospital del Ni\u00f1o y la Mujer, como parte de un esquema que contempla la identificaci\u00f3n de beneficiarias, la organizaci\u00f3n de traslados desde sus municipios de origen, as\u00ed como apoyo en estancia y alimentaci\u00f3n tanto para las pacientes como para el personal m\u00e9dico involucrado.<\/p>\n\n\n\n<p>El DIF Estatal inform\u00f3 que da seguimiento al proceso completo, desde la selecci\u00f3n de las beneficiarias hasta la conclusi\u00f3n de los procedimientos, con el objetivo de garantizar la atenci\u00f3n integral durante la jornada.<\/p>\n\n\n\n<p>En el arranque de las actividades se reconoci\u00f3 la colaboraci\u00f3n de la Fundaci\u00f3n Alma, del Colegio de Cirug\u00eda Pl\u00e1stica, Est\u00e9tica y Reconstructiva del Estado de San Luis Potos\u00ed y del personal del hospital, cuya participaci\u00f3n permite la realizaci\u00f3n de los procedimientos m\u00e9dicos contemplados en esta jornada.<\/p>\n","protected":false},"excerpt":{"rendered":"<p>El DIF Estatal inici\u00f3 la Jornada 2026 de entrega de pr\u00f3tesis y cirug\u00edas reconstructivas de mama, dirigida a mujeres sobrevivientes de c\u00e1ncer de mama sin seguridad social, con atenci\u00f3n m\u00e9dica en la capital.<\/p>\n","protected":false},"author":4,"featured_media":43848,"comment_status":"closed","ping_status":"closed","sticky":false,"template":"","format":"standard","meta":{"_et_pb_use_builder":"off","_et_pb_old_content":"","_et_gb_content_width":"","footnotes":""},"categories":[280],"tags":[180,72,66],"class_list":["post-43847","post","type-post","status-publish","format-standard","has-post-thumbnail","hentry","category-gob-slp","tag-dif-estatal","tag-gobierno-del-estado","tag-san-luis-potosi"],"_links":{"self":[{"href":"https:\/\/gerardoduque.com.mx\/index.php?rest_route=\/wp\/v2\/posts\/43847","targetHints":{"allow":["GET"]}}],"collection":[{"href":"https:\/\/gerardoduque.com.mx\/index.php?rest_route=\/wp\/v2\/posts"}],"about":[{"href":"https:\/\/gerardoduque.com.mx\/index.php?rest_route=\/wp\/v2\/types\/post"}],"author":[{"embeddable":true,"href":"https:\/\/gerardoduque.com.mx\/index.php?rest_route=\/wp\/v2\/users\/4"}],"replies":[{"embeddable":true,"href":"https:\/\/gerardoduque.com.mx\/index.php?rest_route=%2Fwp%2Fv2%2Fcomments&post=43847"}],"version-history":[{"count":0,"href":"https:\/\/gerardoduque.com.mx\/index.php?rest_route=\/wp\/v2\/posts\/43847\/revisions"}],"wp:featuredmedia":[{"embeddable":true,"href":"https:\/\/gerardoduque.com.mx\/index.php?rest_route=\/wp\/v2\/media\/43848"}],"wp:attachment":[{"href":"https:\/\/gerardoduque.com.mx\/index.php?rest_route=%2Fwp%2Fv2%2Fmedia&parent=43847"}],"wp:term":[{"taxonomy":"category","embeddable":true,"href":"https:\/\/gerardoduque.com.mx\/index.php?rest_route=%2Fwp%2Fv2%2Fcategories&post=43847"},{"taxonomy":"post_tag","embeddable":true,"href":"https:\/\/gerardoduque.com.mx\/index.php?rest_route=%2Fwp%2Fv2%2Ftags&post=43847"}],"curies":[{"name":"wp","href":"https:\/\/api.w.org\/{rel}","templated":true}]}}