{"id":43821,"date":"2026-01-30T09:51:11","date_gmt":"2026-01-30T15:51:11","guid":{"rendered":"https:\/\/gerardoduque.com.mx\/?p=43821"},"modified":"2026-01-30T09:51:18","modified_gmt":"2026-01-30T15:51:18","slug":"develan-placa-por-el-151-aniversario-del-natalicio-de-julian-carrillo","status":"publish","type":"post","link":"https:\/\/gerardoduque.com.mx\/?p=43821","title":{"rendered":"DEVELAN PLACA POR EL 151 ANIVERSARIO DEL NATALICIO DE JULI\u00c1N CARRILLO"},"content":{"rendered":"\n<p>El Gobierno del Estado llev\u00f3 a cabo la develaci\u00f3n de una placa conmemorativa por el 151 aniversario del natalicio del compositor potosino <strong>Juli\u00e1n Carrillo<\/strong>, en el Centro de Formaci\u00f3n, Investigaci\u00f3n y Documentaci\u00f3n que lleva su nombre, como parte de las acciones de reconocimiento a su aportaci\u00f3n a la m\u00fasica mexicana y universal.<\/p>\n\n\n\n<p>Durante la ceremonia se destac\u00f3 la relevancia hist\u00f3rica y cultural de la obra de Carrillo, as\u00ed como la importancia de preservar y difundir su legado. En el acto participaron autoridades culturales y representantes del \u00e1mbito acad\u00e9mico y art\u00edstico.<\/p>\n\n\n\n<p>En el marco del evento se realiz\u00f3 una Guardia de Honor y la develaci\u00f3n de la placa correspondiente a la declaratoria de la colecci\u00f3n de los Pianos Metamorfoseadores como Patrimonio Cultural del Estado, adem\u00e1s de actividades art\u00edsticas y acad\u00e9micas relacionadas con la vida y obra del compositor.<\/p>\n\n\n\n<p>Las actividades realizadas buscan fortalecer la conservaci\u00f3n del patrimonio cultural y la difusi\u00f3n del legado de una de las figuras m\u00e1s representativas de la m\u00fasica en San Luis Potos\u00ed.<\/p>\n","protected":false},"excerpt":{"rendered":"<p>Se realiz\u00f3 la develaci\u00f3n de una placa conmemorativa por el 151 aniversario del natalicio del compositor potosino Juli\u00e1n Carrillo, en un acto celebrado en un espacio dedicado a su obra y legado.<\/p>\n","protected":false},"author":4,"featured_media":43822,"comment_status":"closed","ping_status":"closed","sticky":false,"template":"","format":"standard","meta":{"_et_pb_use_builder":"off","_et_pb_old_content":"","_et_gb_content_width":"","footnotes":""},"categories":[280],"tags":[72,66],"class_list":["post-43821","post","type-post","status-publish","format-standard","has-post-thumbnail","hentry","category-gob-slp","tag-gobierno-del-estado","tag-san-luis-potosi"],"_links":{"self":[{"href":"https:\/\/gerardoduque.com.mx\/index.php?rest_route=\/wp\/v2\/posts\/43821","targetHints":{"allow":["GET"]}}],"collection":[{"href":"https:\/\/gerardoduque.com.mx\/index.php?rest_route=\/wp\/v2\/posts"}],"about":[{"href":"https:\/\/gerardoduque.com.mx\/index.php?rest_route=\/wp\/v2\/types\/post"}],"author":[{"embeddable":true,"href":"https:\/\/gerardoduque.com.mx\/index.php?rest_route=\/wp\/v2\/users\/4"}],"replies":[{"embeddable":true,"href":"https:\/\/gerardoduque.com.mx\/index.php?rest_route=%2Fwp%2Fv2%2Fcomments&post=43821"}],"version-history":[{"count":0,"href":"https:\/\/gerardoduque.com.mx\/index.php?rest_route=\/wp\/v2\/posts\/43821\/revisions"}],"wp:featuredmedia":[{"embeddable":true,"href":"https:\/\/gerardoduque.com.mx\/index.php?rest_route=\/wp\/v2\/media\/43822"}],"wp:attachment":[{"href":"https:\/\/gerardoduque.com.mx\/index.php?rest_route=%2Fwp%2Fv2%2Fmedia&parent=43821"}],"wp:term":[{"taxonomy":"category","embeddable":true,"href":"https:\/\/gerardoduque.com.mx\/index.php?rest_route=%2Fwp%2Fv2%2Fcategories&post=43821"},{"taxonomy":"post_tag","embeddable":true,"href":"https:\/\/gerardoduque.com.mx\/index.php?rest_route=%2Fwp%2Fv2%2Ftags&post=43821"}],"curies":[{"name":"wp","href":"https:\/\/api.w.org\/{rel}","templated":true}]}}