{"id":43818,"date":"2026-01-30T09:42:08","date_gmt":"2026-01-30T15:42:08","guid":{"rendered":"https:\/\/gerardoduque.com.mx\/?p=43818"},"modified":"2026-01-30T09:42:16","modified_gmt":"2026-01-30T15:42:16","slug":"mas-de-110-personas-participan-en-curso-sobre-derechos-y-cultura-indigena","status":"publish","type":"post","link":"https:\/\/gerardoduque.com.mx\/?p=43818","title":{"rendered":"M\u00c1S DE 110 PERSONAS PARTICIPAN EN CURSO SOBRE DERECHOS Y CULTURA IND\u00cdGENA"},"content":{"rendered":"\n<p>M\u00e1s de 110 funcionarios p\u00fablicos y representantes de pueblos originarios participaron en un curso sobre Derechos y Cultura Ind\u00edgena, impartido por el Instituto de Desarrollo Humano y Social de los Pueblos y Comunidades Ind\u00edgenas y la Coordinaci\u00f3n Estatal para el Fortalecimiento Institucional de los Municipios.<\/p>\n\n\n\n<p>La capacitaci\u00f3n se enfoc\u00f3 en la preservaci\u00f3n de lenguas maternas como n\u00e1huatl, t\u00e9nek y xi\u2019\u00fai, as\u00ed como en el conocimiento del marco normativo que protege los derechos de los pueblos ind\u00edgenas. Durante las sesiones se abordaron conceptos jur\u00eddicos y culturales relevantes para la atenci\u00f3n institucional de comunidades originarias.<\/p>\n\n\n\n<p>De acuerdo con los organizadores, el curso permiti\u00f3 generar un espacio de di\u00e1logo entre autoridades y representantes ind\u00edgenas, con el objetivo de fortalecer la comprensi\u00f3n mutua y promover el respeto a la diversidad cultural en el ejercicio de la funci\u00f3n p\u00fablica.<\/p>\n\n\n\n<p>Las actividades formaron parte de los procesos de capacitaci\u00f3n orientados a mejorar la atenci\u00f3n institucional y la inclusi\u00f3n de los pueblos y comunidades ind\u00edgenas en los distintos \u00e1mbitos de gobierno.<\/p>\n","protected":false},"excerpt":{"rendered":"<p>M\u00e1s de 110 funcionarios y representantes ind\u00edgenas participaron en una capacitaci\u00f3n sobre derechos y cultura ind\u00edgena, enfocada en lenguas maternas y el marco normativo aplicable.<\/p>\n","protected":false},"author":4,"featured_media":43819,"comment_status":"closed","ping_status":"closed","sticky":false,"template":"","format":"standard","meta":{"_et_pb_use_builder":"off","_et_pb_old_content":"","_et_gb_content_width":"","footnotes":""},"categories":[280],"tags":[72,395,66],"class_list":["post-43818","post","type-post","status-publish","format-standard","has-post-thumbnail","hentry","category-gob-slp","tag-gobierno-del-estado","tag-indepi","tag-san-luis-potosi"],"_links":{"self":[{"href":"https:\/\/gerardoduque.com.mx\/index.php?rest_route=\/wp\/v2\/posts\/43818","targetHints":{"allow":["GET"]}}],"collection":[{"href":"https:\/\/gerardoduque.com.mx\/index.php?rest_route=\/wp\/v2\/posts"}],"about":[{"href":"https:\/\/gerardoduque.com.mx\/index.php?rest_route=\/wp\/v2\/types\/post"}],"author":[{"embeddable":true,"href":"https:\/\/gerardoduque.com.mx\/index.php?rest_route=\/wp\/v2\/users\/4"}],"replies":[{"embeddable":true,"href":"https:\/\/gerardoduque.com.mx\/index.php?rest_route=%2Fwp%2Fv2%2Fcomments&post=43818"}],"version-history":[{"count":0,"href":"https:\/\/gerardoduque.com.mx\/index.php?rest_route=\/wp\/v2\/posts\/43818\/revisions"}],"wp:featuredmedia":[{"embeddable":true,"href":"https:\/\/gerardoduque.com.mx\/index.php?rest_route=\/wp\/v2\/media\/43819"}],"wp:attachment":[{"href":"https:\/\/gerardoduque.com.mx\/index.php?rest_route=%2Fwp%2Fv2%2Fmedia&parent=43818"}],"wp:term":[{"taxonomy":"category","embeddable":true,"href":"https:\/\/gerardoduque.com.mx\/index.php?rest_route=%2Fwp%2Fv2%2Fcategories&post=43818"},{"taxonomy":"post_tag","embeddable":true,"href":"https:\/\/gerardoduque.com.mx\/index.php?rest_route=%2Fwp%2Fv2%2Ftags&post=43818"}],"curies":[{"name":"wp","href":"https:\/\/api.w.org\/{rel}","templated":true}]}}