{"id":43809,"date":"2026-01-30T09:27:20","date_gmt":"2026-01-30T15:27:20","guid":{"rendered":"https:\/\/gerardoduque.com.mx\/?p=43809"},"modified":"2026-01-30T09:27:29","modified_gmt":"2026-01-30T15:27:29","slug":"aperturan-vuelo-directo-san-luis-potosi-chicago","status":"publish","type":"post","link":"https:\/\/gerardoduque.com.mx\/?p=43809","title":{"rendered":"APERTURAN VUELO DIRECTO SAN LUIS POTOS\u00cd\u2013CHICAGO"},"content":{"rendered":"\n<p>La comunidad originaria de San Luis Potos\u00ed que reside en Chicago ha consolidado su presencia a lo largo de cuatro y hasta cinco generaciones, manteniendo lazos familiares y culturales con su lugar de origen pese al paso de m\u00e1s de tres d\u00e9cadas.<\/p>\n\n\n\n<p>De acuerdo con informaci\u00f3n del Instituto de Migraci\u00f3n y Enlace Internacional, la incorporaci\u00f3n del vuelo directo San Luis Potos\u00ed\u2013Chicago permitir\u00e1 a los connacionales realizar traslados sin escalas, lo que reducir\u00e1 tiempos de viaje y facilitar\u00e1 la comunicaci\u00f3n constante con sus familias en la entidad.<\/p>\n\n\n\n<p>El enlace a\u00e9reo beneficiar\u00e1 de manera particular a familias provenientes de municipios como Rioverde, Matehuala y Mexquitic de Carmona, de donde es originaria una parte significativa de la comunidad potosina establecida en Chicago, seg\u00fan registros estad\u00edsticos.<\/p>\n\n\n\n<p>Las autoridades se\u00f1alaron que esta conexi\u00f3n a\u00e9rea busca facilitar la movilidad de la poblaci\u00f3n migrante, fortalecer los v\u00ednculos familiares y comunitarios, y mejorar las condiciones de traslado entre ambos destinos.<\/p>\n","protected":false},"excerpt":{"rendered":"<p>La comunidad potosina radicada en Chicago mantiene v\u00ednculos familiares y comunitarios con la entidad, que se ver\u00e1n fortalecidos con la incorporaci\u00f3n de un vuelo directo entre ambas ciudades.<\/p>\n","protected":false},"author":4,"featured_media":43810,"comment_status":"closed","ping_status":"closed","sticky":false,"template":"","format":"standard","meta":{"_et_pb_use_builder":"off","_et_pb_old_content":"","_et_gb_content_width":"","footnotes":""},"categories":[280],"tags":[72,268,66],"class_list":["post-43809","post","type-post","status-publish","format-standard","has-post-thumbnail","hentry","category-gob-slp","tag-gobierno-del-estado","tag-imei","tag-san-luis-potosi"],"_links":{"self":[{"href":"https:\/\/gerardoduque.com.mx\/index.php?rest_route=\/wp\/v2\/posts\/43809","targetHints":{"allow":["GET"]}}],"collection":[{"href":"https:\/\/gerardoduque.com.mx\/index.php?rest_route=\/wp\/v2\/posts"}],"about":[{"href":"https:\/\/gerardoduque.com.mx\/index.php?rest_route=\/wp\/v2\/types\/post"}],"author":[{"embeddable":true,"href":"https:\/\/gerardoduque.com.mx\/index.php?rest_route=\/wp\/v2\/users\/4"}],"replies":[{"embeddable":true,"href":"https:\/\/gerardoduque.com.mx\/index.php?rest_route=%2Fwp%2Fv2%2Fcomments&post=43809"}],"version-history":[{"count":0,"href":"https:\/\/gerardoduque.com.mx\/index.php?rest_route=\/wp\/v2\/posts\/43809\/revisions"}],"wp:featuredmedia":[{"embeddable":true,"href":"https:\/\/gerardoduque.com.mx\/index.php?rest_route=\/wp\/v2\/media\/43810"}],"wp:attachment":[{"href":"https:\/\/gerardoduque.com.mx\/index.php?rest_route=%2Fwp%2Fv2%2Fmedia&parent=43809"}],"wp:term":[{"taxonomy":"category","embeddable":true,"href":"https:\/\/gerardoduque.com.mx\/index.php?rest_route=%2Fwp%2Fv2%2Fcategories&post=43809"},{"taxonomy":"post_tag","embeddable":true,"href":"https:\/\/gerardoduque.com.mx\/index.php?rest_route=%2Fwp%2Fv2%2Ftags&post=43809"}],"curies":[{"name":"wp","href":"https:\/\/api.w.org\/{rel}","templated":true}]}}