{"id":43783,"date":"2026-01-06T05:43:00","date_gmt":"2026-01-06T11:43:00","guid":{"rendered":"https:\/\/gerardoduque.com.mx\/?p=43783"},"modified":"2026-01-29T17:44:19","modified_gmt":"2026-01-29T23:44:19","slug":"san-luis-registra-derrama-turistica-cercana-a-700-mdp-en-temporada-vacacional","status":"publish","type":"post","link":"https:\/\/gerardoduque.com.mx\/?p=43783","title":{"rendered":"SAN LUIS REGISTRA DERRAMA TUR\u00cdSTICA CERCANA A 700 MDP EN TEMPORADA VACACIONAL"},"content":{"rendered":"\n<p>Durante el periodo vacacional del 19 de diciembre de 2025 al 4 de enero de 2026, San Luis Potos\u00ed registr\u00f3 una derrama econ\u00f3mica cercana a los 700 millones de pesos, reflejo del dinamismo del sector tur\u00edstico y de las condiciones de estabilidad, crecimiento y seguridad que impulsa el Gobierno del Estado, encabezado por el gobernador Ricardo Gallardo Cardona.<\/p>\n\n\n\n<p>De acuerdo con la Secretar\u00eda de Turismo (Sectur), la ocupaci\u00f3n hotelera promedio fue del 58 por ciento, adem\u00e1s de una afluencia superior a las 480 mil personas en los principales atractivos del estado, considerando hoteles, esquemas alternativos de hospedaje, visitas a familiares, campistas y excursionistas.<\/p>\n\n\n\n<p>Estos resultados consolidan al turismo como un motor de desarrollo econ\u00f3mico y social. Para 2026, el Gobierno del Estado fortalecer\u00e1 esta estrategia con la atracci\u00f3n de turismo nacional e internacional por el Mundial de la FIFA, as\u00ed como con proyectos estrat\u00e9gicos como la ampliaci\u00f3n del Aeropuerto de Tamu\u00edn y el arranque de la Riviera Huasteca, posicionando a San Luis Potos\u00ed como un destino de turismo sin l\u00edmites.<\/p>\n","protected":false},"excerpt":{"rendered":"<p>Durante el periodo vacacional del 19 de diciembre de 2025 al 4 de enero de 2026, San Luis Potos\u00ed registr\u00f3 una derrama econ\u00f3mica cercana a los 700 millones de pesos, reflejo del dinamismo del sector tur\u00edstico y de las condiciones de estabilidad, crecimiento y seguridad que impulsa el Gobierno del Estado, encabezado por el gobernador [&hellip;]<\/p>\n","protected":false},"author":4,"featured_media":43784,"comment_status":"closed","ping_status":"closed","sticky":false,"template":"","format":"standard","meta":{"_et_pb_use_builder":"off","_et_pb_old_content":"","_et_gb_content_width":"","footnotes":""},"categories":[280],"tags":[72,66],"class_list":["post-43783","post","type-post","status-publish","format-standard","has-post-thumbnail","hentry","category-gob-slp","tag-gobierno-del-estado","tag-san-luis-potosi"],"_links":{"self":[{"href":"https:\/\/gerardoduque.com.mx\/index.php?rest_route=\/wp\/v2\/posts\/43783","targetHints":{"allow":["GET"]}}],"collection":[{"href":"https:\/\/gerardoduque.com.mx\/index.php?rest_route=\/wp\/v2\/posts"}],"about":[{"href":"https:\/\/gerardoduque.com.mx\/index.php?rest_route=\/wp\/v2\/types\/post"}],"author":[{"embeddable":true,"href":"https:\/\/gerardoduque.com.mx\/index.php?rest_route=\/wp\/v2\/users\/4"}],"replies":[{"embeddable":true,"href":"https:\/\/gerardoduque.com.mx\/index.php?rest_route=%2Fwp%2Fv2%2Fcomments&post=43783"}],"version-history":[{"count":0,"href":"https:\/\/gerardoduque.com.mx\/index.php?rest_route=\/wp\/v2\/posts\/43783\/revisions"}],"wp:featuredmedia":[{"embeddable":true,"href":"https:\/\/gerardoduque.com.mx\/index.php?rest_route=\/wp\/v2\/media\/43784"}],"wp:attachment":[{"href":"https:\/\/gerardoduque.com.mx\/index.php?rest_route=%2Fwp%2Fv2%2Fmedia&parent=43783"}],"wp:term":[{"taxonomy":"category","embeddable":true,"href":"https:\/\/gerardoduque.com.mx\/index.php?rest_route=%2Fwp%2Fv2%2Fcategories&post=43783"},{"taxonomy":"post_tag","embeddable":true,"href":"https:\/\/gerardoduque.com.mx\/index.php?rest_route=%2Fwp%2Fv2%2Ftags&post=43783"}],"curies":[{"name":"wp","href":"https:\/\/api.w.org\/{rel}","templated":true}]}}