{"id":43775,"date":"2026-01-06T05:38:00","date_gmt":"2026-01-06T11:38:00","guid":{"rendered":"https:\/\/gerardoduque.com.mx\/?p=43775"},"modified":"2026-01-29T17:39:07","modified_gmt":"2026-01-29T23:39:07","slug":"ricardo-gallardo-hace-un-llamado-a-su-gabinete-para-redoblar-esfuerzos-en-2026","status":"publish","type":"post","link":"https:\/\/gerardoduque.com.mx\/?p=43775","title":{"rendered":"RICARDO GALLARDO HACE UN LLAMADO A SU GABINETE PARA REDOBLAR ESFUERZOS EN 2026"},"content":{"rendered":"\n<p>Al refrendar el compromiso con las familias potosinas en este 2026, el Gobernador de San Luis Potos\u00ed Ricardo Gallardo Cardona, hizo un llamado al gabinete legal y ampliado a redoblar los esfuerzos para este a\u00f1o que reci\u00e9n comienza, que ser\u00e1 clave para consolidar los logros alcanzados y seguir cambiando la vida de miles de familias con apoyos sin l\u00edmites, obras de infraestructura y acciones para la paz y la seguridad del Estado.<\/p>\n\n\n\n<p>Durante la reuni\u00f3n de trabajo, el Jefe de Gobierno Estatal instruy\u00f3 a las dependencias competentes a brindar todas las facilidades para los trabajos de rehabilitaci\u00f3n de las laterales de carretera 57 hacia la zona industrial tras d\u00e9cadas de abandono y las m\u00faltiples obras que se ejecutar\u00e1n en las cuatro regiones, adem\u00e1s de adelantar que se aplicar\u00e1 una inversi\u00f3n hist\u00f3rica para la seguridad y la tranquilidad de las familias.<\/p>\n\n\n\n<p>En el encuentro, el Gobernador pidi\u00f3 a las y los funcionarios trabajar con responsabilidad, coordinaci\u00f3n y visi\u00f3n, para seguir construyendo un San Luis Potos\u00ed con desarrollo equilibrado en las cuatro regiones.<\/p>\n\n\n\n<p>Finalmente, Ricardo Gallardo Cardona afirm\u00f3 que 2026 ser\u00e1 el mejor a\u00f1o de la administraci\u00f3n, pues se fortalecer\u00e1 y avanzar\u00e1 en la pol\u00edtica p\u00fablica enfocada en las familias, el desarrollo econ\u00f3mico y la justicia social, al remarcar que en San Luis Potos\u00ed el cambio contin\u00faa sin l\u00edmites.<\/p>\n","protected":false},"excerpt":{"rendered":"<p>Al refrendar el compromiso con las familias potosinas en este 2026, el Gobernador de San Luis Potos\u00ed Ricardo Gallardo Cardona, hizo un llamado al gabinete legal y ampliado a redoblar los esfuerzos para este a\u00f1o que reci\u00e9n comienza, que ser\u00e1 clave para consolidar los logros alcanzados y seguir cambiando la vida de miles de familias [&hellip;]<\/p>\n","protected":false},"author":4,"featured_media":43776,"comment_status":"closed","ping_status":"closed","sticky":false,"template":"","format":"standard","meta":{"_et_pb_use_builder":"off","_et_pb_old_content":"","_et_gb_content_width":"","footnotes":""},"categories":[280],"tags":[72,66],"class_list":["post-43775","post","type-post","status-publish","format-standard","has-post-thumbnail","hentry","category-gob-slp","tag-gobierno-del-estado","tag-san-luis-potosi"],"_links":{"self":[{"href":"https:\/\/gerardoduque.com.mx\/index.php?rest_route=\/wp\/v2\/posts\/43775","targetHints":{"allow":["GET"]}}],"collection":[{"href":"https:\/\/gerardoduque.com.mx\/index.php?rest_route=\/wp\/v2\/posts"}],"about":[{"href":"https:\/\/gerardoduque.com.mx\/index.php?rest_route=\/wp\/v2\/types\/post"}],"author":[{"embeddable":true,"href":"https:\/\/gerardoduque.com.mx\/index.php?rest_route=\/wp\/v2\/users\/4"}],"replies":[{"embeddable":true,"href":"https:\/\/gerardoduque.com.mx\/index.php?rest_route=%2Fwp%2Fv2%2Fcomments&post=43775"}],"version-history":[{"count":0,"href":"https:\/\/gerardoduque.com.mx\/index.php?rest_route=\/wp\/v2\/posts\/43775\/revisions"}],"wp:featuredmedia":[{"embeddable":true,"href":"https:\/\/gerardoduque.com.mx\/index.php?rest_route=\/wp\/v2\/media\/43776"}],"wp:attachment":[{"href":"https:\/\/gerardoduque.com.mx\/index.php?rest_route=%2Fwp%2Fv2%2Fmedia&parent=43775"}],"wp:term":[{"taxonomy":"category","embeddable":true,"href":"https:\/\/gerardoduque.com.mx\/index.php?rest_route=%2Fwp%2Fv2%2Fcategories&post=43775"},{"taxonomy":"post_tag","embeddable":true,"href":"https:\/\/gerardoduque.com.mx\/index.php?rest_route=%2Fwp%2Fv2%2Ftags&post=43775"}],"curies":[{"name":"wp","href":"https:\/\/api.w.org\/{rel}","templated":true}]}}