{"id":43766,"date":"2026-01-06T05:27:00","date_gmt":"2026-01-06T11:27:00","guid":{"rendered":"https:\/\/gerardoduque.com.mx\/?p=43766"},"modified":"2026-01-29T17:27:47","modified_gmt":"2026-01-29T23:27:47","slug":"programa-circulos-de-paz-en-mi-escuela-capacita-a-personal-educativo","status":"publish","type":"post","link":"https:\/\/gerardoduque.com.mx\/?p=43766","title":{"rendered":"PROGRAMA \u201cC\u00cdRCULOS DE PAZ EN MI ESCUELA\u201d CAPACITA A PERSONAL EDUCATIVO"},"content":{"rendered":"\n<p>Como parte del Programa \u201cC\u00edrculos de Paz en mi Escuela\u201d, la Secretar\u00eda General de Gobierno (SGG), a trav\u00e9s de la Comisi\u00f3n Ejecutiva Estatal de Atenci\u00f3n a V\u00edctimas (CEEAV), realiz\u00f3 una capacitaci\u00f3n a maestras, docentes y directivos de la Zona Escolar n\u00famero 174 de la Secretar\u00eda de Educaci\u00f3n de Gobierno del Estado (SEGE).<\/p>\n\n\n\n<p>En atenci\u00f3n a la instrucci\u00f3n del Gobernador Ricardo Gallardo Cardona de impulsar acciones en tema de justicia restaurativa, la dependencia implementa estas acciones en diversos sectores, como el educativo, para fortalecer sin l\u00edmites las habilidades de las y los docentes y que est\u00e9n mejor capacitados para atender y ofrecer resoluci\u00f3n pac\u00edfica a los conflictos que se registran en los centros escolares.<\/p>\n","protected":false},"excerpt":{"rendered":"<p>Como parte del Programa \u201cC\u00edrculos de Paz en mi Escuela\u201d, la Secretar\u00eda General de Gobierno (SGG), a trav\u00e9s de la Comisi\u00f3n Ejecutiva Estatal de Atenci\u00f3n a V\u00edctimas (CEEAV), realiz\u00f3 una capacitaci\u00f3n a maestras, docentes y directivos de la Zona Escolar n\u00famero 174 de la Secretar\u00eda de Educaci\u00f3n de Gobierno del Estado (SEGE). En atenci\u00f3n a [&hellip;]<\/p>\n","protected":false},"author":4,"featured_media":43767,"comment_status":"closed","ping_status":"closed","sticky":false,"template":"","format":"standard","meta":{"_et_pb_use_builder":"off","_et_pb_old_content":"","_et_gb_content_width":"","footnotes":""},"categories":[280],"tags":[72,66],"class_list":["post-43766","post","type-post","status-publish","format-standard","has-post-thumbnail","hentry","category-gob-slp","tag-gobierno-del-estado","tag-san-luis-potosi"],"_links":{"self":[{"href":"https:\/\/gerardoduque.com.mx\/index.php?rest_route=\/wp\/v2\/posts\/43766","targetHints":{"allow":["GET"]}}],"collection":[{"href":"https:\/\/gerardoduque.com.mx\/index.php?rest_route=\/wp\/v2\/posts"}],"about":[{"href":"https:\/\/gerardoduque.com.mx\/index.php?rest_route=\/wp\/v2\/types\/post"}],"author":[{"embeddable":true,"href":"https:\/\/gerardoduque.com.mx\/index.php?rest_route=\/wp\/v2\/users\/4"}],"replies":[{"embeddable":true,"href":"https:\/\/gerardoduque.com.mx\/index.php?rest_route=%2Fwp%2Fv2%2Fcomments&post=43766"}],"version-history":[{"count":0,"href":"https:\/\/gerardoduque.com.mx\/index.php?rest_route=\/wp\/v2\/posts\/43766\/revisions"}],"wp:featuredmedia":[{"embeddable":true,"href":"https:\/\/gerardoduque.com.mx\/index.php?rest_route=\/wp\/v2\/media\/43767"}],"wp:attachment":[{"href":"https:\/\/gerardoduque.com.mx\/index.php?rest_route=%2Fwp%2Fv2%2Fmedia&parent=43766"}],"wp:term":[{"taxonomy":"category","embeddable":true,"href":"https:\/\/gerardoduque.com.mx\/index.php?rest_route=%2Fwp%2Fv2%2Fcategories&post=43766"},{"taxonomy":"post_tag","embeddable":true,"href":"https:\/\/gerardoduque.com.mx\/index.php?rest_route=%2Fwp%2Fv2%2Ftags&post=43766"}],"curies":[{"name":"wp","href":"https:\/\/api.w.org\/{rel}","templated":true}]}}