{"id":43757,"date":"2026-01-05T05:21:00","date_gmt":"2026-01-05T11:21:00","guid":{"rendered":"https:\/\/gerardoduque.com.mx\/?p=43757"},"modified":"2026-01-29T17:22:54","modified_gmt":"2026-01-29T23:22:54","slug":"capacitacion-mejora-el-servicio-publico-en-san-luis","status":"publish","type":"post","link":"https:\/\/gerardoduque.com.mx\/?p=43757","title":{"rendered":"CAPACITACI\u00d3N MEJORA EL SERVICIO P\u00daBLICO EN SAN LUIS"},"content":{"rendered":"\n<p>La Junta Estatal de Caminos (JEC) destac\u00f3 a nivel Estatal por cumplir satisfactoriamente el Programa Anual de Capacitaci\u00f3n 2025, resultado del trabajo coordinado con la Direcci\u00f3n de Desarrollo Humano de la Oficial\u00eda Mayor (OM). Este esfuerzo permiti\u00f3 dotar al personal de herramientas actualizadas para mejorar su desempe\u00f1o, incorporar nuevas din\u00e1micas de servicio p\u00fablico y reforzar procesos internos que hoy reflejan mejores resultados administrativos y operativos.<\/p>\n\n\n\n<p>Este avance se enmarca en la pol\u00edtica de fortalecimiento institucional que impulsa el Gobernador Ricardo Gallardo Cardona, orientada a profesionalizar el servicio p\u00fablico y elevar la eficiencia gubernamental. Bajo esta ruta de trabajo, la dependencia consolid\u00f3 una agenda formativa que incluy\u00f3 temas clave como gobierno digital, atenci\u00f3n al p\u00fablico, asertividad laboral, metodolog\u00eda presupuestal e indicadores de desempe\u00f1o, alcanzando a m\u00e1s del 60 por ciento de su plantilla laboral y sentando bases s\u00f3lidas para un ejercicio p\u00fablico moderno y responsable.<\/p>\n\n\n\n<p>De manera complementaria, la capacitaci\u00f3n integr\u00f3 acciones en materia de igualdad, derechos humanos y erradicaci\u00f3n de las violencias contra las mujeres, logrando la participaci\u00f3n total del personal y de cientos de trabajadoras y trabajadores de otras dependencias estatales. Estas acciones fortalecen el clima laboral y reafirman el compromiso institucional de servir con \u00e9tica, sensibilidad social y una visi\u00f3n sin l\u00edmites.<\/p>\n","protected":false},"excerpt":{"rendered":"<p>La Junta Estatal de Caminos (JEC) destac\u00f3 a nivel Estatal por cumplir satisfactoriamente el Programa Anual de Capacitaci\u00f3n 2025, resultado del trabajo coordinado con la Direcci\u00f3n de Desarrollo Humano de la Oficial\u00eda Mayor (OM). Este esfuerzo permiti\u00f3 dotar al personal de herramientas actualizadas para mejorar su desempe\u00f1o, incorporar nuevas din\u00e1micas de servicio p\u00fablico y reforzar [&hellip;]<\/p>\n","protected":false},"author":4,"featured_media":43758,"comment_status":"closed","ping_status":"closed","sticky":false,"template":"","format":"standard","meta":{"_et_pb_use_builder":"off","_et_pb_old_content":"","_et_gb_content_width":"","footnotes":""},"categories":[280],"tags":[72,66],"class_list":["post-43757","post","type-post","status-publish","format-standard","has-post-thumbnail","hentry","category-gob-slp","tag-gobierno-del-estado","tag-san-luis-potosi"],"_links":{"self":[{"href":"https:\/\/gerardoduque.com.mx\/index.php?rest_route=\/wp\/v2\/posts\/43757","targetHints":{"allow":["GET"]}}],"collection":[{"href":"https:\/\/gerardoduque.com.mx\/index.php?rest_route=\/wp\/v2\/posts"}],"about":[{"href":"https:\/\/gerardoduque.com.mx\/index.php?rest_route=\/wp\/v2\/types\/post"}],"author":[{"embeddable":true,"href":"https:\/\/gerardoduque.com.mx\/index.php?rest_route=\/wp\/v2\/users\/4"}],"replies":[{"embeddable":true,"href":"https:\/\/gerardoduque.com.mx\/index.php?rest_route=%2Fwp%2Fv2%2Fcomments&post=43757"}],"version-history":[{"count":0,"href":"https:\/\/gerardoduque.com.mx\/index.php?rest_route=\/wp\/v2\/posts\/43757\/revisions"}],"wp:featuredmedia":[{"embeddable":true,"href":"https:\/\/gerardoduque.com.mx\/index.php?rest_route=\/wp\/v2\/media\/43758"}],"wp:attachment":[{"href":"https:\/\/gerardoduque.com.mx\/index.php?rest_route=%2Fwp%2Fv2%2Fmedia&parent=43757"}],"wp:term":[{"taxonomy":"category","embeddable":true,"href":"https:\/\/gerardoduque.com.mx\/index.php?rest_route=%2Fwp%2Fv2%2Fcategories&post=43757"},{"taxonomy":"post_tag","embeddable":true,"href":"https:\/\/gerardoduque.com.mx\/index.php?rest_route=%2Fwp%2Fv2%2Ftags&post=43757"}],"curies":[{"name":"wp","href":"https:\/\/api.w.org\/{rel}","templated":true}]}}