{"id":43751,"date":"2026-01-05T05:19:00","date_gmt":"2026-01-05T11:19:00","guid":{"rendered":"https:\/\/gerardoduque.com.mx\/?p=43751"},"modified":"2026-01-29T17:20:37","modified_gmt":"2026-01-29T23:20:37","slug":"movilidad-cambia-la-vida-de-las-familias-en-san-luis","status":"publish","type":"post","link":"https:\/\/gerardoduque.com.mx\/?p=43751","title":{"rendered":"MOVILIDAD CAMBIA LA VIDA DE LAS FAMILIAS EN SAN LUIS"},"content":{"rendered":"\n<p>Durante 2025, San Luis Potos\u00ed registr\u00f3 avances decisivos en movilidad y transporte, resultado de una pol\u00edtica p\u00fablica sostenida que prioriz\u00f3 a las personas y su derecho a trasladarse con dignidad. Bajo el liderazgo de Ricardo Gallardo Cardona, el Estado fortaleci\u00f3 una agenda de cambio que coloc\u00f3 al transporte p\u00fablico como una herramienta de bienestar, cercan\u00eda y justicia social.<\/p>\n\n\n\n<p>Proyectos como MetroRed, RedMetro, Mi Bus y los programas de transporte subsidiado ampliaron la conectividad, redujeron gastos familiares y modernizaron el sistema de movilidad, con impacto directo en la vida cotidiana de miles de potosinas y potosinos. Estas acciones consolidaron un modelo m\u00e1s incluyente y eficiente, alineado a una din\u00e1mica urbana sin l\u00edmites y con visi\u00f3n de futuro.<\/p>\n\n\n\n<p>Con la confianza ciudadana como motor, el Estado se prepara para un 2026 con nuevos proyectos y mayor respaldo al sector transporte, reafirmando que la movilidad seguir\u00e1 siendo una prioridad estrat\u00e9gica para el crecimiento y la cohesi\u00f3n social de San Luis Potos\u00ed.<\/p>\n","protected":false},"excerpt":{"rendered":"<p>Durante 2025, San Luis Potos\u00ed registr\u00f3 avances decisivos en movilidad y transporte, resultado de una pol\u00edtica p\u00fablica sostenida que prioriz\u00f3 a las personas y su derecho a trasladarse con dignidad. Bajo el liderazgo de Ricardo Gallardo Cardona, el Estado fortaleci\u00f3 una agenda de cambio que coloc\u00f3 al transporte p\u00fablico como una herramienta de bienestar, cercan\u00eda [&hellip;]<\/p>\n","protected":false},"author":4,"featured_media":43752,"comment_status":"closed","ping_status":"closed","sticky":false,"template":"","format":"standard","meta":{"_et_pb_use_builder":"off","_et_pb_old_content":"","_et_gb_content_width":"","footnotes":""},"categories":[280],"tags":[72,66],"class_list":["post-43751","post","type-post","status-publish","format-standard","has-post-thumbnail","hentry","category-gob-slp","tag-gobierno-del-estado","tag-san-luis-potosi"],"_links":{"self":[{"href":"https:\/\/gerardoduque.com.mx\/index.php?rest_route=\/wp\/v2\/posts\/43751","targetHints":{"allow":["GET"]}}],"collection":[{"href":"https:\/\/gerardoduque.com.mx\/index.php?rest_route=\/wp\/v2\/posts"}],"about":[{"href":"https:\/\/gerardoduque.com.mx\/index.php?rest_route=\/wp\/v2\/types\/post"}],"author":[{"embeddable":true,"href":"https:\/\/gerardoduque.com.mx\/index.php?rest_route=\/wp\/v2\/users\/4"}],"replies":[{"embeddable":true,"href":"https:\/\/gerardoduque.com.mx\/index.php?rest_route=%2Fwp%2Fv2%2Fcomments&post=43751"}],"version-history":[{"count":0,"href":"https:\/\/gerardoduque.com.mx\/index.php?rest_route=\/wp\/v2\/posts\/43751\/revisions"}],"wp:featuredmedia":[{"embeddable":true,"href":"https:\/\/gerardoduque.com.mx\/index.php?rest_route=\/wp\/v2\/media\/43752"}],"wp:attachment":[{"href":"https:\/\/gerardoduque.com.mx\/index.php?rest_route=%2Fwp%2Fv2%2Fmedia&parent=43751"}],"wp:term":[{"taxonomy":"category","embeddable":true,"href":"https:\/\/gerardoduque.com.mx\/index.php?rest_route=%2Fwp%2Fv2%2Fcategories&post=43751"},{"taxonomy":"post_tag","embeddable":true,"href":"https:\/\/gerardoduque.com.mx\/index.php?rest_route=%2Fwp%2Fv2%2Ftags&post=43751"}],"curies":[{"name":"wp","href":"https:\/\/api.w.org\/{rel}","templated":true}]}}