{"id":43748,"date":"2026-01-05T05:18:00","date_gmt":"2026-01-05T11:18:00","guid":{"rendered":"https:\/\/gerardoduque.com.mx\/?p=43748"},"modified":"2026-01-29T17:19:20","modified_gmt":"2026-01-29T23:19:20","slug":"fenapo-2026-acelera-su-rumbo-hacia-una-edicion-renovada","status":"publish","type":"post","link":"https:\/\/gerardoduque.com.mx\/?p=43748","title":{"rendered":"FENAPO 2026 ACELERA SU RUMBO HACIA UNA EDICI\u00d3N RENOVADA"},"content":{"rendered":"\n<p>La Feria Nacional Potosina (Fenapo) comenz\u00f3 con anticipaci\u00f3n los trabajos rumbo a su edici\u00f3n 2026, como parte del impulso que ha mantenido al evento en una ruta de expansi\u00f3n constante. Bajo el liderazgo del Gobernador Ricardo Gallardo Cardona, la planeaci\u00f3n avanza con una l\u00f3gica clara, que es consolidar a San Luis Potos\u00ed como un referente nacional en turismo, entretenimiento y desarrollo econ\u00f3mico, con una Feria que no se detiene.<\/p>\n\n\n\n<p>Actualmente, el recinto ferial atraviesa una fase intensiva de mantenimiento preventivo y correctivo, que incluye limpieza general, rehabilitaci\u00f3n de \u00e1reas, revisi\u00f3n de instalaciones y mejoras continuas. Estas acciones buscan garantizar espacios seguros, funcionales y modernos, tanto para expositores como para las miles de personas que cada a\u00f1o hacen de la Feria uno de los eventos m\u00e1s importantes del pa\u00eds.<\/p>\n\n\n\n<p>De manera paralela, ya inici\u00f3 la preventa de espacios comerciales, un proceso que confirma el inter\u00e9s sostenido de emprendedores, empresas y marcas nacionales por participar en una feria que en 2025 rompi\u00f3 r\u00e9cords de asistencia y derrama econ\u00f3mica. Con una planeaci\u00f3n anticipada en contenidos, infraestructura y log\u00edstica, el evento se perfila para ampliar su impacto y fortalecer un proyecto que avanza con una visi\u00f3n clara de crecimiento, abierta a nuevas experiencias y oportunidades sin l\u00edmites.<\/p>\n","protected":false},"excerpt":{"rendered":"<p>La Feria Nacional Potosina (Fenapo) comenz\u00f3 con anticipaci\u00f3n los trabajos rumbo a su edici\u00f3n 2026, como parte del impulso que ha mantenido al evento en una ruta de expansi\u00f3n constante. Bajo el liderazgo del Gobernador Ricardo Gallardo Cardona, la planeaci\u00f3n avanza con una l\u00f3gica clara, que es consolidar a San Luis Potos\u00ed como un referente [&hellip;]<\/p>\n","protected":false},"author":4,"featured_media":43749,"comment_status":"closed","ping_status":"closed","sticky":false,"template":"","format":"standard","meta":{"_et_pb_use_builder":"off","_et_pb_old_content":"","_et_gb_content_width":"","footnotes":""},"categories":[280],"tags":[72,66],"class_list":["post-43748","post","type-post","status-publish","format-standard","has-post-thumbnail","hentry","category-gob-slp","tag-gobierno-del-estado","tag-san-luis-potosi"],"_links":{"self":[{"href":"https:\/\/gerardoduque.com.mx\/index.php?rest_route=\/wp\/v2\/posts\/43748","targetHints":{"allow":["GET"]}}],"collection":[{"href":"https:\/\/gerardoduque.com.mx\/index.php?rest_route=\/wp\/v2\/posts"}],"about":[{"href":"https:\/\/gerardoduque.com.mx\/index.php?rest_route=\/wp\/v2\/types\/post"}],"author":[{"embeddable":true,"href":"https:\/\/gerardoduque.com.mx\/index.php?rest_route=\/wp\/v2\/users\/4"}],"replies":[{"embeddable":true,"href":"https:\/\/gerardoduque.com.mx\/index.php?rest_route=%2Fwp%2Fv2%2Fcomments&post=43748"}],"version-history":[{"count":0,"href":"https:\/\/gerardoduque.com.mx\/index.php?rest_route=\/wp\/v2\/posts\/43748\/revisions"}],"wp:featuredmedia":[{"embeddable":true,"href":"https:\/\/gerardoduque.com.mx\/index.php?rest_route=\/wp\/v2\/media\/43749"}],"wp:attachment":[{"href":"https:\/\/gerardoduque.com.mx\/index.php?rest_route=%2Fwp%2Fv2%2Fmedia&parent=43748"}],"wp:term":[{"taxonomy":"category","embeddable":true,"href":"https:\/\/gerardoduque.com.mx\/index.php?rest_route=%2Fwp%2Fv2%2Fcategories&post=43748"},{"taxonomy":"post_tag","embeddable":true,"href":"https:\/\/gerardoduque.com.mx\/index.php?rest_route=%2Fwp%2Fv2%2Ftags&post=43748"}],"curies":[{"name":"wp","href":"https:\/\/api.w.org\/{rel}","templated":true}]}}