{"id":43739,"date":"2026-01-05T05:14:00","date_gmt":"2026-01-05T11:14:00","guid":{"rendered":"https:\/\/gerardoduque.com.mx\/?p=43739"},"modified":"2026-01-29T17:15:45","modified_gmt":"2026-01-29T23:15:45","slug":"capacitacion-fortalece-la-atencion-a-victimas-en-el-estado","status":"publish","type":"post","link":"https:\/\/gerardoduque.com.mx\/?p=43739","title":{"rendered":"CAPACITACI\u00d3N FORTALECE LA ATENCI\u00d3N A V\u00cdCTIMAS EN EL ESTADO"},"content":{"rendered":"\n<p>La Secretar\u00eda General de Gobierno (SGG), a trav\u00e9s de la Comisi\u00f3n Ejecutiva Estatal de Atenci\u00f3n a V\u00edctimas (CEEAV), realiz\u00f3 la primera Sesi\u00f3n Extraordinaria de la Junta de Gobierno para evaluar los avances del Programa Permanente de Capacitaci\u00f3n y Difusi\u00f3n en materia de Atenci\u00f3n a V\u00edctimas, una herramienta clave para el fortalecimiento institucional y la mejora continua de los servicios que se brindan a las y los potosinos.<\/p>\n\n\n\n<p>Durante el 2025, este programa registr\u00f3 avances sustanciales gracias al impulso decidido del Gobernador Ricardo Gallardo Cardona, quien ha priorizado la profesionalizaci\u00f3n del servicio p\u00fablico como base para una atenci\u00f3n m\u00e1s humana y eficiente. Tan solo en el periodo de agosto a noviembre se capacit\u00f3 y sensibiliz\u00f3 a 674 servidoras y servidores p\u00fablicos, fortaleciendo el respeto a los derechos humanos y la correcta actuaci\u00f3n institucional en beneficio de las v\u00edctimas.<\/p>\n","protected":false},"excerpt":{"rendered":"<p>La Secretar\u00eda General de Gobierno (SGG), a trav\u00e9s de la Comisi\u00f3n Ejecutiva Estatal de Atenci\u00f3n a V\u00edctimas (CEEAV), realiz\u00f3 la primera Sesi\u00f3n Extraordinaria de la Junta de Gobierno para evaluar los avances del Programa Permanente de Capacitaci\u00f3n y Difusi\u00f3n en materia de Atenci\u00f3n a V\u00edctimas, una herramienta clave para el fortalecimiento institucional y la mejora [&hellip;]<\/p>\n","protected":false},"author":4,"featured_media":43740,"comment_status":"closed","ping_status":"closed","sticky":false,"template":"","format":"standard","meta":{"_et_pb_use_builder":"off","_et_pb_old_content":"","_et_gb_content_width":"","footnotes":""},"categories":[280],"tags":[72,66],"class_list":["post-43739","post","type-post","status-publish","format-standard","has-post-thumbnail","hentry","category-gob-slp","tag-gobierno-del-estado","tag-san-luis-potosi"],"_links":{"self":[{"href":"https:\/\/gerardoduque.com.mx\/index.php?rest_route=\/wp\/v2\/posts\/43739","targetHints":{"allow":["GET"]}}],"collection":[{"href":"https:\/\/gerardoduque.com.mx\/index.php?rest_route=\/wp\/v2\/posts"}],"about":[{"href":"https:\/\/gerardoduque.com.mx\/index.php?rest_route=\/wp\/v2\/types\/post"}],"author":[{"embeddable":true,"href":"https:\/\/gerardoduque.com.mx\/index.php?rest_route=\/wp\/v2\/users\/4"}],"replies":[{"embeddable":true,"href":"https:\/\/gerardoduque.com.mx\/index.php?rest_route=%2Fwp%2Fv2%2Fcomments&post=43739"}],"version-history":[{"count":0,"href":"https:\/\/gerardoduque.com.mx\/index.php?rest_route=\/wp\/v2\/posts\/43739\/revisions"}],"wp:featuredmedia":[{"embeddable":true,"href":"https:\/\/gerardoduque.com.mx\/index.php?rest_route=\/wp\/v2\/media\/43740"}],"wp:attachment":[{"href":"https:\/\/gerardoduque.com.mx\/index.php?rest_route=%2Fwp%2Fv2%2Fmedia&parent=43739"}],"wp:term":[{"taxonomy":"category","embeddable":true,"href":"https:\/\/gerardoduque.com.mx\/index.php?rest_route=%2Fwp%2Fv2%2Fcategories&post=43739"},{"taxonomy":"post_tag","embeddable":true,"href":"https:\/\/gerardoduque.com.mx\/index.php?rest_route=%2Fwp%2Fv2%2Ftags&post=43739"}],"curies":[{"name":"wp","href":"https:\/\/api.w.org\/{rel}","templated":true}]}}