{"id":43628,"date":"2026-01-29T15:34:21","date_gmt":"2026-01-29T21:34:21","guid":{"rendered":"https:\/\/gerardoduque.com.mx\/?p=43628"},"modified":"2026-01-29T15:34:28","modified_gmt":"2026-01-29T21:34:28","slug":"acuerdan-acciones-para-atender-tiraderos-clandestinos-en-villa-de-pozos","status":"publish","type":"post","link":"https:\/\/gerardoduque.com.mx\/?p=43628","title":{"rendered":"ACUERDAN ACCIONES PARA ATENDER TIRADEROS CLANDESTINOS EN VILLA DE POZOS"},"content":{"rendered":"\n<p>Autoridades estatales y municipales sostuvieron una reuni\u00f3n de trabajo con el objetivo de reforzar la coordinaci\u00f3n para identificar, atender y suspender tiraderos clandestinos en el municipio de Villa de Pozos.<\/p>\n\n\n\n<p>El encuentro fue encabezado por la Secretar\u00eda de Ecolog\u00eda y Gesti\u00f3n Ambiental, en conjunto con las direcciones municipales de Ecolog\u00eda y Servicios Municipales. Durante la sesi\u00f3n se definieron l\u00edneas de acci\u00f3n orientadas a la detecci\u00f3n de puntos cr\u00edticos y a la aplicaci\u00f3n de medidas preventivas y correctivas.<\/p>\n\n\n\n<p>De acuerdo con la informaci\u00f3n revisada, las acciones buscan frenar pr\u00e1cticas que afectan la imagen urbana y representan riesgos para la salud p\u00fablica, mediante un trabajo coordinado entre los distintos niveles de gobierno.<\/p>\n\n\n\n<p>Las autoridades se\u00f1alaron que el seguimiento a estos acuerdos permitir\u00e1 avanzar en el ordenamiento ambiental del municipio y en la atenci\u00f3n de problem\u00e1ticas relacionadas con la disposici\u00f3n irregular de residuos.<\/p>\n","protected":false},"excerpt":{"rendered":"<p>Autoridades estatales y municipales acordaron acciones para identificar y suspender tiraderos clandestinos en Villa de Pozos, mediante un esquema de coordinaci\u00f3n interinstitucional.<\/p>\n","protected":false},"author":4,"featured_media":32981,"comment_status":"closed","ping_status":"closed","sticky":false,"template":"","format":"standard","meta":{"_et_pb_use_builder":"off","_et_pb_old_content":"","_et_gb_content_width":"","footnotes":""},"categories":[280],"tags":[72,66,155],"class_list":["post-43628","post","type-post","status-publish","format-standard","has-post-thumbnail","hentry","category-gob-slp","tag-gobierno-del-estado","tag-san-luis-potosi","tag-segam"],"_links":{"self":[{"href":"https:\/\/gerardoduque.com.mx\/index.php?rest_route=\/wp\/v2\/posts\/43628","targetHints":{"allow":["GET"]}}],"collection":[{"href":"https:\/\/gerardoduque.com.mx\/index.php?rest_route=\/wp\/v2\/posts"}],"about":[{"href":"https:\/\/gerardoduque.com.mx\/index.php?rest_route=\/wp\/v2\/types\/post"}],"author":[{"embeddable":true,"href":"https:\/\/gerardoduque.com.mx\/index.php?rest_route=\/wp\/v2\/users\/4"}],"replies":[{"embeddable":true,"href":"https:\/\/gerardoduque.com.mx\/index.php?rest_route=%2Fwp%2Fv2%2Fcomments&post=43628"}],"version-history":[{"count":0,"href":"https:\/\/gerardoduque.com.mx\/index.php?rest_route=\/wp\/v2\/posts\/43628\/revisions"}],"wp:featuredmedia":[{"embeddable":true,"href":"https:\/\/gerardoduque.com.mx\/index.php?rest_route=\/wp\/v2\/media\/32981"}],"wp:attachment":[{"href":"https:\/\/gerardoduque.com.mx\/index.php?rest_route=%2Fwp%2Fv2%2Fmedia&parent=43628"}],"wp:term":[{"taxonomy":"category","embeddable":true,"href":"https:\/\/gerardoduque.com.mx\/index.php?rest_route=%2Fwp%2Fv2%2Fcategories&post=43628"},{"taxonomy":"post_tag","embeddable":true,"href":"https:\/\/gerardoduque.com.mx\/index.php?rest_route=%2Fwp%2Fv2%2Ftags&post=43628"}],"curies":[{"name":"wp","href":"https:\/\/api.w.org\/{rel}","templated":true}]}}