{"id":43614,"date":"2026-01-29T10:46:55","date_gmt":"2026-01-29T16:46:55","guid":{"rendered":"https:\/\/gerardoduque.com.mx\/?p=43614"},"modified":"2026-01-29T10:47:03","modified_gmt":"2026-01-29T16:47:03","slug":"entregan-protesis-y-ortesis-a-personas-con-discapacidad-en-jornada-de-rehabilitacion","status":"publish","type":"post","link":"https:\/\/gerardoduque.com.mx\/?p=43614","title":{"rendered":"ENTREGAN PR\u00d3TESIS Y \u00d3RTESIS A PERSONAS CON DISCAPACIDAD EN JORNADA DE REHABILITACI\u00d3N"},"content":{"rendered":"\n<p>El Sistema Estatal para el Desarrollo Integral de la Familia llev\u00f3 a cabo una nueva jornada de entrega de pr\u00f3tesis y \u00f3rtesis en el Centro de Rehabilitaci\u00f3n y Educaci\u00f3n Especial, con el objetivo de apoyar la movilidad y autonom\u00eda de personas con discapacidad.<\/p>\n\n\n\n<p>Durante la jornada, los beneficiarios recibieron atenci\u00f3n integral que incluy\u00f3 valoraci\u00f3n m\u00e9dica, procesos de rehabilitaci\u00f3n y acompa\u00f1amiento especializado. El procedimiento contempla desde la toma de molde personalizado hasta la entrega final del dispositivo funcional, conforme a las necesidades de cada caso.<\/p>\n\n\n\n<p>La actividad atendi\u00f3 a personas provenientes de distintas regiones del estado, como parte de los esquemas permanentes de apoyo en materia de rehabilitaci\u00f3n.<\/p>\n\n\n\n<p>El DIF Estatal inform\u00f3 que estas jornadas buscan ampliar el acceso a dispositivos de apoyo y dar seguimiento a procesos de rehabilitaci\u00f3n, mediante atenci\u00f3n directa y especializada.<\/p>\n","protected":false},"excerpt":{"rendered":"<p>Se realiz\u00f3 una jornada de entrega de pr\u00f3tesis y \u00f3rtesis en el Centro de Rehabilitaci\u00f3n y Educaci\u00f3n Especial, dirigida a personas con discapacidad provenientes de distintas regiones del estado.<\/p>\n","protected":false},"author":4,"featured_media":43615,"comment_status":"closed","ping_status":"closed","sticky":false,"template":"","format":"standard","meta":{"_et_pb_use_builder":"off","_et_pb_old_content":"","_et_gb_content_width":"","footnotes":""},"categories":[280],"tags":[180,72,66],"class_list":["post-43614","post","type-post","status-publish","format-standard","has-post-thumbnail","hentry","category-gob-slp","tag-dif-estatal","tag-gobierno-del-estado","tag-san-luis-potosi"],"_links":{"self":[{"href":"https:\/\/gerardoduque.com.mx\/index.php?rest_route=\/wp\/v2\/posts\/43614","targetHints":{"allow":["GET"]}}],"collection":[{"href":"https:\/\/gerardoduque.com.mx\/index.php?rest_route=\/wp\/v2\/posts"}],"about":[{"href":"https:\/\/gerardoduque.com.mx\/index.php?rest_route=\/wp\/v2\/types\/post"}],"author":[{"embeddable":true,"href":"https:\/\/gerardoduque.com.mx\/index.php?rest_route=\/wp\/v2\/users\/4"}],"replies":[{"embeddable":true,"href":"https:\/\/gerardoduque.com.mx\/index.php?rest_route=%2Fwp%2Fv2%2Fcomments&post=43614"}],"version-history":[{"count":0,"href":"https:\/\/gerardoduque.com.mx\/index.php?rest_route=\/wp\/v2\/posts\/43614\/revisions"}],"wp:featuredmedia":[{"embeddable":true,"href":"https:\/\/gerardoduque.com.mx\/index.php?rest_route=\/wp\/v2\/media\/43615"}],"wp:attachment":[{"href":"https:\/\/gerardoduque.com.mx\/index.php?rest_route=%2Fwp%2Fv2%2Fmedia&parent=43614"}],"wp:term":[{"taxonomy":"category","embeddable":true,"href":"https:\/\/gerardoduque.com.mx\/index.php?rest_route=%2Fwp%2Fv2%2Fcategories&post=43614"},{"taxonomy":"post_tag","embeddable":true,"href":"https:\/\/gerardoduque.com.mx\/index.php?rest_route=%2Fwp%2Fv2%2Ftags&post=43614"}],"curies":[{"name":"wp","href":"https:\/\/api.w.org\/{rel}","templated":true}]}}