{"id":43611,"date":"2026-01-29T10:42:20","date_gmt":"2026-01-29T16:42:20","guid":{"rendered":"https:\/\/gerardoduque.com.mx\/?p=43611"},"modified":"2026-01-29T10:42:27","modified_gmt":"2026-01-29T16:42:27","slug":"refuerzan-operativo-invernal-por-frente-frio-30-en-zona-metropolitana","status":"publish","type":"post","link":"https:\/\/gerardoduque.com.mx\/?p=43611","title":{"rendered":"REFUERZAN OPERATIVO INVERNAL POR FRENTE FR\u00cdO 30 EN ZONA METROPOLITANA"},"content":{"rendered":"\n<p>La Coordinaci\u00f3n Estatal de Protecci\u00f3n Civil y la Guardia Civil Estatal reforzaron el Operativo Invernal ante el descenso de temperaturas provocado por el frente fr\u00edo n\u00famero 30, con el objetivo de brindar apoyo humanitario y prevenir afectaciones a la salud.<\/p>\n\n\n\n<p>El despliegue se concentr\u00f3 en zonas consideradas de mayor riesgo en la zona metropolitana, como v\u00edas principales, avenidas de alto tr\u00e1nsito, hospitales, plazas y jardines, donde se realizaron recorridos preventivos para identificar a personas expuestas a las bajas temperaturas.<\/p>\n\n\n\n<p>Como parte de las acciones, se entregaron cobijas y, en los casos necesarios, se realizaron traslados a refugios temporales para resguardar a personas en situaci\u00f3n vulnerable.<\/p>\n\n\n\n<p>Las autoridades informaron que el operativo se mantiene activo y que se contin\u00faa atendiendo reportes ciudadanos mientras persistan las condiciones climatol\u00f3gicas adversas.<\/p>\n","protected":false},"excerpt":{"rendered":"<p>La Coordinaci\u00f3n Estatal de Protecci\u00f3n Civil y la Guardia Civil Estatal reforzaron el Operativo Invernal por las bajas temperaturas asociadas al frente fr\u00edo n\u00famero 30, con acciones de apoyo a poblaci\u00f3n en riesgo.<\/p>\n","protected":false},"author":4,"featured_media":43612,"comment_status":"closed","ping_status":"closed","sticky":false,"template":"","format":"standard","meta":{"_et_pb_use_builder":"off","_et_pb_old_content":"","_et_gb_content_width":"","footnotes":""},"categories":[280],"tags":[190,72,239,66],"class_list":["post-43611","post","type-post","status-publish","format-standard","has-post-thumbnail","hentry","category-gob-slp","tag-cepc","tag-gobierno-del-estado","tag-guardia-civil-estatal","tag-san-luis-potosi"],"_links":{"self":[{"href":"https:\/\/gerardoduque.com.mx\/index.php?rest_route=\/wp\/v2\/posts\/43611","targetHints":{"allow":["GET"]}}],"collection":[{"href":"https:\/\/gerardoduque.com.mx\/index.php?rest_route=\/wp\/v2\/posts"}],"about":[{"href":"https:\/\/gerardoduque.com.mx\/index.php?rest_route=\/wp\/v2\/types\/post"}],"author":[{"embeddable":true,"href":"https:\/\/gerardoduque.com.mx\/index.php?rest_route=\/wp\/v2\/users\/4"}],"replies":[{"embeddable":true,"href":"https:\/\/gerardoduque.com.mx\/index.php?rest_route=%2Fwp%2Fv2%2Fcomments&post=43611"}],"version-history":[{"count":0,"href":"https:\/\/gerardoduque.com.mx\/index.php?rest_route=\/wp\/v2\/posts\/43611\/revisions"}],"wp:featuredmedia":[{"embeddable":true,"href":"https:\/\/gerardoduque.com.mx\/index.php?rest_route=\/wp\/v2\/media\/43612"}],"wp:attachment":[{"href":"https:\/\/gerardoduque.com.mx\/index.php?rest_route=%2Fwp%2Fv2%2Fmedia&parent=43611"}],"wp:term":[{"taxonomy":"category","embeddable":true,"href":"https:\/\/gerardoduque.com.mx\/index.php?rest_route=%2Fwp%2Fv2%2Fcategories&post=43611"},{"taxonomy":"post_tag","embeddable":true,"href":"https:\/\/gerardoduque.com.mx\/index.php?rest_route=%2Fwp%2Fv2%2Ftags&post=43611"}],"curies":[{"name":"wp","href":"https:\/\/api.w.org\/{rel}","templated":true}]}}