{"id":43579,"date":"2026-01-28T14:16:22","date_gmt":"2026-01-28T20:16:22","guid":{"rendered":"https:\/\/gerardoduque.com.mx\/?p=43579"},"modified":"2026-01-28T14:16:29","modified_gmt":"2026-01-28T20:16:29","slug":"abren-oficinas-de-atencion-ciudadana-de-la-sct-en-la-zona-alameda-de-la-capital-de-slp","status":"publish","type":"post","link":"https:\/\/gerardoduque.com.mx\/?p=43579","title":{"rendered":"ABREN OFICINAS DE ATENCI\u00d3N CIUDADANA DE LA SCT EN LA ZONA ALAMEDA DE LA CAPITAL DE SLP"},"content":{"rendered":"\n<p>La Secretar\u00eda de Comunicaciones y Transportes inform\u00f3 la puesta en operaci\u00f3n de sus nuevas oficinas de Atenci\u00f3n Ciudadana, ubicadas en la zona de transferencia Alameda, como parte de un ajuste en los puntos de atenci\u00f3n al p\u00fablico.<\/p>\n\n\n\n<p>En este espacio, la ciudadan\u00eda puede realizar consultas relacionadas con el servicio de transporte y programas vigentes, recibir orientaci\u00f3n directa y presentar quejas de manera presencial, de acuerdo con los servicios que ofrece la dependencia.<\/p>\n\n\n\n<p>La Secretar\u00eda se\u00f1al\u00f3 que la apertura de estas oficinas busca concentrar la atenci\u00f3n en un punto de alta afluencia y mejorar los tiempos de respuesta a los usuarios del sistema de transporte.<\/p>\n\n\n\n<p>Las oficinas ya se encuentran en funcionamiento y forman parte de los esquemas de atenci\u00f3n ciudadana establecidos por la dependencia estatal.<\/p>\n","protected":false},"excerpt":{"rendered":"<p>La Secretar\u00eda de Comunicaciones y Transportes puso en operaci\u00f3n oficinas de Atenci\u00f3n Ciudadana en la zona de transferencia Alameda, con el objetivo de centralizar y facilitar la atenci\u00f3n a usuarios del transporte.<\/p>\n","protected":false},"author":4,"featured_media":43580,"comment_status":"closed","ping_status":"closed","sticky":false,"template":"","format":"standard","meta":{"_et_pb_use_builder":"off","_et_pb_old_content":"","_et_gb_content_width":"","footnotes":""},"categories":[280],"tags":[72,66,216],"class_list":["post-43579","post","type-post","status-publish","format-standard","has-post-thumbnail","hentry","category-gob-slp","tag-gobierno-del-estado","tag-san-luis-potosi","tag-sct"],"_links":{"self":[{"href":"https:\/\/gerardoduque.com.mx\/index.php?rest_route=\/wp\/v2\/posts\/43579","targetHints":{"allow":["GET"]}}],"collection":[{"href":"https:\/\/gerardoduque.com.mx\/index.php?rest_route=\/wp\/v2\/posts"}],"about":[{"href":"https:\/\/gerardoduque.com.mx\/index.php?rest_route=\/wp\/v2\/types\/post"}],"author":[{"embeddable":true,"href":"https:\/\/gerardoduque.com.mx\/index.php?rest_route=\/wp\/v2\/users\/4"}],"replies":[{"embeddable":true,"href":"https:\/\/gerardoduque.com.mx\/index.php?rest_route=%2Fwp%2Fv2%2Fcomments&post=43579"}],"version-history":[{"count":0,"href":"https:\/\/gerardoduque.com.mx\/index.php?rest_route=\/wp\/v2\/posts\/43579\/revisions"}],"wp:featuredmedia":[{"embeddable":true,"href":"https:\/\/gerardoduque.com.mx\/index.php?rest_route=\/wp\/v2\/media\/43580"}],"wp:attachment":[{"href":"https:\/\/gerardoduque.com.mx\/index.php?rest_route=%2Fwp%2Fv2%2Fmedia&parent=43579"}],"wp:term":[{"taxonomy":"category","embeddable":true,"href":"https:\/\/gerardoduque.com.mx\/index.php?rest_route=%2Fwp%2Fv2%2Fcategories&post=43579"},{"taxonomy":"post_tag","embeddable":true,"href":"https:\/\/gerardoduque.com.mx\/index.php?rest_route=%2Fwp%2Fv2%2Ftags&post=43579"}],"curies":[{"name":"wp","href":"https:\/\/api.w.org\/{rel}","templated":true}]}}