{"id":43572,"date":"2026-01-28T14:06:53","date_gmt":"2026-01-28T20:06:53","guid":{"rendered":"https:\/\/gerardoduque.com.mx\/?p=43572"},"modified":"2026-01-28T14:07:52","modified_gmt":"2026-01-28T20:07:52","slug":"presentan-avances-de-obra-y-resultados-financieros-en-sesion-del-consejo-de-la-jec","status":"publish","type":"post","link":"https:\/\/gerardoduque.com.mx\/?p=43572","title":{"rendered":"PRESENTAN AVANCES DE OBRA Y RESULTADOS FINANCIEROS EN SESI\u00d3N DEL CONSEJO DE LA JEC"},"content":{"rendered":"\n<p>La Junta Estatal de Caminos llev\u00f3 a cabo su sexag\u00e9sima novena sesi\u00f3n ordinaria del Consejo de Administraci\u00f3n, en la que se expusieron los avances en trabajos de obra y conservaci\u00f3n de caminos realizados durante el \u00faltimo trimestre de 2025.<\/p>\n\n\n\n<p>Durante la sesi\u00f3n tambi\u00e9n se presentaron los informes financieros correspondientes al cierre del ejercicio 2025 y al arranque de 2026, con el objetivo de dar seguimiento al uso de los recursos p\u00fablicos y al estado administrativo de los proyectos en curso.<\/p>\n\n\n\n<p>Las dependencias que integran el Consejo revisaron los resultados alcanzados y las proyecciones en materia de conectividad y movilidad, como parte de un an\u00e1lisis colegiado para la planeaci\u00f3n y ejecuci\u00f3n de acciones en la red carretera estatal.<\/p>\n\n\n\n<p>De acuerdo con lo expuesto, el ejercicio permiti\u00f3 evaluar el avance f\u00edsico y financiero de las obras, as\u00ed como establecer criterios de seguimiento para los trabajos programados en las distintas regiones del estado.<\/p>\n","protected":false},"excerpt":{"rendered":"<p>La Junta Estatal de Caminos present\u00f3 avances de obra y conservaci\u00f3n correspondientes al \u00faltimo trimestre de 2025, as\u00ed como informes financieros del cierre del ejercicio anterior y el inicio de 2026.<\/p>\n","protected":false},"author":4,"featured_media":43573,"comment_status":"closed","ping_status":"closed","sticky":false,"template":"","format":"standard","meta":{"_et_pb_use_builder":"off","_et_pb_old_content":"","_et_gb_content_width":"","footnotes":""},"categories":[280],"tags":[72,276,66],"class_list":["post-43572","post","type-post","status-publish","format-standard","has-post-thumbnail","hentry","category-gob-slp","tag-gobierno-del-estado","tag-jec","tag-san-luis-potosi"],"_links":{"self":[{"href":"https:\/\/gerardoduque.com.mx\/index.php?rest_route=\/wp\/v2\/posts\/43572","targetHints":{"allow":["GET"]}}],"collection":[{"href":"https:\/\/gerardoduque.com.mx\/index.php?rest_route=\/wp\/v2\/posts"}],"about":[{"href":"https:\/\/gerardoduque.com.mx\/index.php?rest_route=\/wp\/v2\/types\/post"}],"author":[{"embeddable":true,"href":"https:\/\/gerardoduque.com.mx\/index.php?rest_route=\/wp\/v2\/users\/4"}],"replies":[{"embeddable":true,"href":"https:\/\/gerardoduque.com.mx\/index.php?rest_route=%2Fwp%2Fv2%2Fcomments&post=43572"}],"version-history":[{"count":0,"href":"https:\/\/gerardoduque.com.mx\/index.php?rest_route=\/wp\/v2\/posts\/43572\/revisions"}],"wp:featuredmedia":[{"embeddable":true,"href":"https:\/\/gerardoduque.com.mx\/index.php?rest_route=\/wp\/v2\/media\/43573"}],"wp:attachment":[{"href":"https:\/\/gerardoduque.com.mx\/index.php?rest_route=%2Fwp%2Fv2%2Fmedia&parent=43572"}],"wp:term":[{"taxonomy":"category","embeddable":true,"href":"https:\/\/gerardoduque.com.mx\/index.php?rest_route=%2Fwp%2Fv2%2Fcategories&post=43572"},{"taxonomy":"post_tag","embeddable":true,"href":"https:\/\/gerardoduque.com.mx\/index.php?rest_route=%2Fwp%2Fv2%2Ftags&post=43572"}],"curies":[{"name":"wp","href":"https:\/\/api.w.org\/{rel}","templated":true}]}}