{"id":43548,"date":"2026-01-28T05:15:00","date_gmt":"2026-01-28T11:15:00","guid":{"rendered":"https:\/\/gerardoduque.com.mx\/?p=43548"},"modified":"2026-01-27T21:17:16","modified_gmt":"2026-01-28T03:17:16","slug":"entregan-titulos-a-egresados-de-la-generacion-2021-2025-de-la-becene","status":"publish","type":"post","link":"https:\/\/gerardoduque.com.mx\/?p=43548","title":{"rendered":"ENTREGAN T\u00cdTULOS A EGRESADOS DE LA GENERACI\u00d3N 2021\u20132025 DE LA BECENE"},"content":{"rendered":"\n<p>La Benem\u00e9rita y Centenaria Escuela Normal del Estado realiz\u00f3 la entrega de t\u00edtulos profesionales a los egresados de la Generaci\u00f3n 2021\u20132025, con lo que concluyeron formalmente su proceso de formaci\u00f3n acad\u00e9mica y profesional.<\/p>\n\n\n\n<p>La ceremonia cont\u00f3 con la asistencia de autoridades educativas de la Secretar\u00eda de Educaci\u00f3n de Gobierno del Estado y del Sistema Educativo Estatal Regular, as\u00ed como del personal directivo de la instituci\u00f3n.<\/p>\n\n\n\n<p>Durante el acto se reconoci\u00f3 el cierre del ciclo formativo de los egresados, quienes se incorporar\u00e1n al \u00e1mbito profesional en \u00e1reas relacionadas con la educaci\u00f3n b\u00e1sica, conforme a los planes y programas establecidos por la instituci\u00f3n.<\/p>\n","protected":false},"excerpt":{"rendered":"<p>La Benem\u00e9rita y Centenaria Escuela Normal del Estado entreg\u00f3 t\u00edtulos profesionales a egresados de la Generaci\u00f3n 2021\u20132025, con la presencia de autoridades educativas estatales.<\/p>\n","protected":false},"author":4,"featured_media":43549,"comment_status":"closed","ping_status":"closed","sticky":false,"template":"","format":"standard","meta":{"_et_pb_use_builder":"off","_et_pb_old_content":"","_et_gb_content_width":"","footnotes":""},"categories":[280],"tags":[505,72,66],"class_list":["post-43548","post","type-post","status-publish","format-standard","has-post-thumbnail","hentry","category-gob-slp","tag-benece","tag-gobierno-del-estado","tag-san-luis-potosi"],"_links":{"self":[{"href":"https:\/\/gerardoduque.com.mx\/index.php?rest_route=\/wp\/v2\/posts\/43548","targetHints":{"allow":["GET"]}}],"collection":[{"href":"https:\/\/gerardoduque.com.mx\/index.php?rest_route=\/wp\/v2\/posts"}],"about":[{"href":"https:\/\/gerardoduque.com.mx\/index.php?rest_route=\/wp\/v2\/types\/post"}],"author":[{"embeddable":true,"href":"https:\/\/gerardoduque.com.mx\/index.php?rest_route=\/wp\/v2\/users\/4"}],"replies":[{"embeddable":true,"href":"https:\/\/gerardoduque.com.mx\/index.php?rest_route=%2Fwp%2Fv2%2Fcomments&post=43548"}],"version-history":[{"count":0,"href":"https:\/\/gerardoduque.com.mx\/index.php?rest_route=\/wp\/v2\/posts\/43548\/revisions"}],"wp:featuredmedia":[{"embeddable":true,"href":"https:\/\/gerardoduque.com.mx\/index.php?rest_route=\/wp\/v2\/media\/43549"}],"wp:attachment":[{"href":"https:\/\/gerardoduque.com.mx\/index.php?rest_route=%2Fwp%2Fv2%2Fmedia&parent=43548"}],"wp:term":[{"taxonomy":"category","embeddable":true,"href":"https:\/\/gerardoduque.com.mx\/index.php?rest_route=%2Fwp%2Fv2%2Fcategories&post=43548"},{"taxonomy":"post_tag","embeddable":true,"href":"https:\/\/gerardoduque.com.mx\/index.php?rest_route=%2Fwp%2Fv2%2Ftags&post=43548"}],"curies":[{"name":"wp","href":"https:\/\/api.w.org\/{rel}","templated":true}]}}