{"id":43538,"date":"2026-01-28T05:05:00","date_gmt":"2026-01-28T11:05:00","guid":{"rendered":"https:\/\/gerardoduque.com.mx\/?p=43538"},"modified":"2026-01-27T21:14:40","modified_gmt":"2026-01-28T03:14:40","slug":"activan-operativo-por-bajas-temperaturas-ante-frente-frio-30","status":"publish","type":"post","link":"https:\/\/gerardoduque.com.mx\/?p=43538","title":{"rendered":"ACTIVAN OPERATIVO POR BAJAS TEMPERATURAS ANTE FRENTE FR\u00cdO 30"},"content":{"rendered":"\n<p>La Coordinaci\u00f3n Estatal de Protecci\u00f3n Civil inform\u00f3 que mantiene un operativo de vigilancia y atenci\u00f3n ante el descenso de temperaturas provocado por el frente fr\u00edo n\u00famero 30, con acciones preventivas en las cuatro regiones del estado y coordinaci\u00f3n permanente con las unidades municipales.<\/p>\n\n\n\n<p>De acuerdo con el reporte, las temperaturas m\u00e1s bajas se registraron en la regi\u00f3n Altiplano, con m\u00ednimas de hasta -3 grados cent\u00edgrados en Venado y -2 grados en Salinas. En la Zona Metropolitana se reportaron 2 grados cent\u00edgrados, mientras que en la regi\u00f3n Huasteca se registraron 9 grados en municipios como Tamazunchale y San Vicente.<\/p>\n\n\n\n<p>Durante la noche, se brind\u00f3 refugio y atenci\u00f3n a 44 personas en espacios habilitados para contingencias por fr\u00edo. Asimismo, se entregaron 100 cobijas a poblaci\u00f3n en situaci\u00f3n de vulnerabilidad, como parte de las acciones de apoyo.<\/p>\n\n\n\n<p>La dependencia se\u00f1al\u00f3 que el monitoreo continuar\u00e1 en los pr\u00f3ximos d\u00edas y exhort\u00f3 a la poblaci\u00f3n a extremar precauciones ante la persistencia de bajas temperaturas, as\u00ed como a reportar cualquier situaci\u00f3n de riesgo a las autoridades de protecci\u00f3n civil.<\/p>\n","protected":false},"excerpt":{"rendered":"<p>Se activ\u00f3 un operativo preventivo por las bajas temperaturas asociadas al frente fr\u00edo n\u00famero 30, con monitoreo en los 59 municipios y atenci\u00f3n a poblaci\u00f3n vulnerable.<\/p>\n","protected":false},"author":4,"featured_media":43539,"comment_status":"closed","ping_status":"closed","sticky":false,"template":"","format":"standard","meta":{"_et_pb_use_builder":"off","_et_pb_old_content":"","_et_gb_content_width":"","footnotes":""},"categories":[280],"tags":[190,72,66],"class_list":["post-43538","post","type-post","status-publish","format-standard","has-post-thumbnail","hentry","category-gob-slp","tag-cepc","tag-gobierno-del-estado","tag-san-luis-potosi"],"_links":{"self":[{"href":"https:\/\/gerardoduque.com.mx\/index.php?rest_route=\/wp\/v2\/posts\/43538","targetHints":{"allow":["GET"]}}],"collection":[{"href":"https:\/\/gerardoduque.com.mx\/index.php?rest_route=\/wp\/v2\/posts"}],"about":[{"href":"https:\/\/gerardoduque.com.mx\/index.php?rest_route=\/wp\/v2\/types\/post"}],"author":[{"embeddable":true,"href":"https:\/\/gerardoduque.com.mx\/index.php?rest_route=\/wp\/v2\/users\/4"}],"replies":[{"embeddable":true,"href":"https:\/\/gerardoduque.com.mx\/index.php?rest_route=%2Fwp%2Fv2%2Fcomments&post=43538"}],"version-history":[{"count":0,"href":"https:\/\/gerardoduque.com.mx\/index.php?rest_route=\/wp\/v2\/posts\/43538\/revisions"}],"wp:featuredmedia":[{"embeddable":true,"href":"https:\/\/gerardoduque.com.mx\/index.php?rest_route=\/wp\/v2\/media\/43539"}],"wp:attachment":[{"href":"https:\/\/gerardoduque.com.mx\/index.php?rest_route=%2Fwp%2Fv2%2Fmedia&parent=43538"}],"wp:term":[{"taxonomy":"category","embeddable":true,"href":"https:\/\/gerardoduque.com.mx\/index.php?rest_route=%2Fwp%2Fv2%2Fcategories&post=43538"},{"taxonomy":"post_tag","embeddable":true,"href":"https:\/\/gerardoduque.com.mx\/index.php?rest_route=%2Fwp%2Fv2%2Ftags&post=43538"}],"curies":[{"name":"wp","href":"https:\/\/api.w.org\/{rel}","templated":true}]}}