{"id":43527,"date":"2026-01-27T17:16:47","date_gmt":"2026-01-27T23:16:47","guid":{"rendered":"https:\/\/gerardoduque.com.mx\/?p=43527"},"modified":"2026-01-27T17:16:54","modified_gmt":"2026-01-27T23:16:54","slug":"reportan-avances-en-obras-de-infraestructura-urbana-en-la-region-media","status":"publish","type":"post","link":"https:\/\/gerardoduque.com.mx\/?p=43527","title":{"rendered":"REPORTAN AVANCES EN OBRAS DE INFRAESTRUCTURA URBANA EN LA REGI\u00d3N MEDIA"},"content":{"rendered":"\n<p>La Secretar\u00eda de Desarrollo Urbano, Vivienda y Obras P\u00fablicas inform\u00f3 que mantiene en ejecuci\u00f3n diversos proyectos de infraestructura urbana en municipios de la regi\u00f3n Media, como parte de las acciones de seguimiento a obras en proceso.<\/p>\n\n\n\n<p>Durante un recorrido de supervisi\u00f3n, la dependencia constat\u00f3 un avance aproximado del 45 por ciento en la rehabilitaci\u00f3n de la calle Francisco Javier Mina, en Ray\u00f3n. En este punto se realizan trabajos de afine de terracer\u00edas y colado de banquetas, orientados a mejorar las condiciones de tr\u00e1nsito y seguridad peatonal.<\/p>\n\n\n\n<p>Asimismo, se indic\u00f3 que contin\u00faan los trabajos en la \u00faltima etapa del Camino a San Pedro de los Hern\u00e1ndez, en Cerritos, obra que busca mejorar la conectividad entre localidades de la regi\u00f3n.<\/p>\n\n\n\n<p>De manera paralela, dio inicio la rehabilitaci\u00f3n de la Unidad Deportiva en Alaquines, como parte de las intervenciones en espacios p\u00fablicos contempladas para la regi\u00f3n Media.<\/p>\n","protected":false},"excerpt":{"rendered":"<p>La Seduvop report\u00f3 avances en obras de infraestructura urbana en municipios de la regi\u00f3n Media, con trabajos en vialidades y espacios p\u00fablicos en Ray\u00f3n, Cerritos y Alaquines.<\/p>\n","protected":false},"author":4,"featured_media":43528,"comment_status":"closed","ping_status":"closed","sticky":false,"template":"","format":"standard","meta":{"_et_pb_use_builder":"off","_et_pb_old_content":"","_et_gb_content_width":"","footnotes":""},"categories":[280],"tags":[72,66,74],"class_list":["post-43527","post","type-post","status-publish","format-standard","has-post-thumbnail","hentry","category-gob-slp","tag-gobierno-del-estado","tag-san-luis-potosi","tag-seduvop"],"_links":{"self":[{"href":"https:\/\/gerardoduque.com.mx\/index.php?rest_route=\/wp\/v2\/posts\/43527","targetHints":{"allow":["GET"]}}],"collection":[{"href":"https:\/\/gerardoduque.com.mx\/index.php?rest_route=\/wp\/v2\/posts"}],"about":[{"href":"https:\/\/gerardoduque.com.mx\/index.php?rest_route=\/wp\/v2\/types\/post"}],"author":[{"embeddable":true,"href":"https:\/\/gerardoduque.com.mx\/index.php?rest_route=\/wp\/v2\/users\/4"}],"replies":[{"embeddable":true,"href":"https:\/\/gerardoduque.com.mx\/index.php?rest_route=%2Fwp%2Fv2%2Fcomments&post=43527"}],"version-history":[{"count":0,"href":"https:\/\/gerardoduque.com.mx\/index.php?rest_route=\/wp\/v2\/posts\/43527\/revisions"}],"wp:featuredmedia":[{"embeddable":true,"href":"https:\/\/gerardoduque.com.mx\/index.php?rest_route=\/wp\/v2\/media\/43528"}],"wp:attachment":[{"href":"https:\/\/gerardoduque.com.mx\/index.php?rest_route=%2Fwp%2Fv2%2Fmedia&parent=43527"}],"wp:term":[{"taxonomy":"category","embeddable":true,"href":"https:\/\/gerardoduque.com.mx\/index.php?rest_route=%2Fwp%2Fv2%2Fcategories&post=43527"},{"taxonomy":"post_tag","embeddable":true,"href":"https:\/\/gerardoduque.com.mx\/index.php?rest_route=%2Fwp%2Fv2%2Ftags&post=43527"}],"curies":[{"name":"wp","href":"https:\/\/api.w.org\/{rel}","templated":true}]}}