{"id":43518,"date":"2026-01-27T17:10:06","date_gmt":"2026-01-27T23:10:06","guid":{"rendered":"https:\/\/gerardoduque.com.mx\/?p=43518"},"modified":"2026-01-27T17:10:15","modified_gmt":"2026-01-27T23:10:15","slug":"entregan-material-y-equipo-a-la-universidad-intercultural-como-parte-del-prodep","status":"publish","type":"post","link":"https:\/\/gerardoduque.com.mx\/?p=43518","title":{"rendered":"ENTREGAN MATERIAL Y EQUIPO A LA UNIVERSIDAD INTERCULTURAL COMO PARTE DEL PRODEP"},"content":{"rendered":"\n<p>La Secretar\u00eda de Educaci\u00f3n del Gobierno del Estado entreg\u00f3 material y equipo a la Universidad Intercultural de San Luis Potos\u00ed, en el marco del Programa para el Desarrollo Profesional Docente (PRODEP).<\/p>\n\n\n\n<p>De acuerdo con la informaci\u00f3n proporcionada, los recursos est\u00e1n destinados a fortalecer los procesos acad\u00e9micos y apoyar el desempe\u00f1o del personal docente, as\u00ed como a mejorar las condiciones de ense\u00f1anza en la instituci\u00f3n.<\/p>\n\n\n\n<p>Durante el acto participaron autoridades educativas, as\u00ed como personal docente y administrativo de la universidad, quienes recibieron el material y equipo asignado conforme a los lineamientos del programa.<\/p>\n\n\n\n<p>La dependencia estatal indic\u00f3 que este tipo de apoyos forman parte de las acciones orientadas al fortalecimiento de la educaci\u00f3n superior y al desarrollo profesional del personal acad\u00e9mico en las instituciones p\u00fablicas del estado.<\/p>\n","protected":false},"excerpt":{"rendered":"<p>La Secretar\u00eda de Educaci\u00f3n entreg\u00f3 material y equipo a la Universidad Intercultural de San Luis Potos\u00ed como parte del Programa para el Desarrollo Profesional Docente, con el objetivo de apoyar los procesos acad\u00e9micos y la formaci\u00f3n del profesorado.<\/p>\n","protected":false},"author":4,"featured_media":43519,"comment_status":"closed","ping_status":"closed","sticky":false,"template":"","format":"standard","meta":{"_et_pb_use_builder":"off","_et_pb_old_content":"","_et_gb_content_width":"","footnotes":""},"categories":[280],"tags":[72,66,394],"class_list":["post-43518","post","type-post","status-publish","format-standard","has-post-thumbnail","hentry","category-gob-slp","tag-gobierno-del-estado","tag-san-luis-potosi","tag-sgg"],"_links":{"self":[{"href":"https:\/\/gerardoduque.com.mx\/index.php?rest_route=\/wp\/v2\/posts\/43518","targetHints":{"allow":["GET"]}}],"collection":[{"href":"https:\/\/gerardoduque.com.mx\/index.php?rest_route=\/wp\/v2\/posts"}],"about":[{"href":"https:\/\/gerardoduque.com.mx\/index.php?rest_route=\/wp\/v2\/types\/post"}],"author":[{"embeddable":true,"href":"https:\/\/gerardoduque.com.mx\/index.php?rest_route=\/wp\/v2\/users\/4"}],"replies":[{"embeddable":true,"href":"https:\/\/gerardoduque.com.mx\/index.php?rest_route=%2Fwp%2Fv2%2Fcomments&post=43518"}],"version-history":[{"count":0,"href":"https:\/\/gerardoduque.com.mx\/index.php?rest_route=\/wp\/v2\/posts\/43518\/revisions"}],"wp:featuredmedia":[{"embeddable":true,"href":"https:\/\/gerardoduque.com.mx\/index.php?rest_route=\/wp\/v2\/media\/43519"}],"wp:attachment":[{"href":"https:\/\/gerardoduque.com.mx\/index.php?rest_route=%2Fwp%2Fv2%2Fmedia&parent=43518"}],"wp:term":[{"taxonomy":"category","embeddable":true,"href":"https:\/\/gerardoduque.com.mx\/index.php?rest_route=%2Fwp%2Fv2%2Fcategories&post=43518"},{"taxonomy":"post_tag","embeddable":true,"href":"https:\/\/gerardoduque.com.mx\/index.php?rest_route=%2Fwp%2Fv2%2Ftags&post=43518"}],"curies":[{"name":"wp","href":"https:\/\/api.w.org\/{rel}","templated":true}]}}