{"id":43515,"date":"2026-01-27T17:08:19","date_gmt":"2026-01-27T23:08:19","guid":{"rendered":"https:\/\/gerardoduque.com.mx\/?p=43515"},"modified":"2026-01-27T17:08:27","modified_gmt":"2026-01-27T23:08:27","slug":"slp-presenta-marca-turistica-en-fitur-2026-y-sostiene-reuniones-con-el-sector","status":"publish","type":"post","link":"https:\/\/gerardoduque.com.mx\/?p=43515","title":{"rendered":"SLP PRESENTA MARCA TUR\u00cdSTICA EN FITUR 2026 Y SOSTIENE REUNIONES CON EL SECTOR"},"content":{"rendered":"\n<p>San Luis Potos\u00ed particip\u00f3 en la edici\u00f3n 2026 de la Feria Internacional de Turismo, realizada en Madrid, Espa\u00f1a, donde present\u00f3 su marca tur\u00edstica \u201cSan Luis Potos\u00ed Surrealista\u201d ante representantes del sector provenientes de m\u00e1s de 160 pa\u00edses.<\/p>\n\n\n\n<p>Durante el encuentro, la delegaci\u00f3n potosina sostuvo reuniones de trabajo con aerol\u00edneas, operadores tur\u00edsticos y medios especializados, con el objetivo de explorar la inclusi\u00f3n del destino en cat\u00e1logos internacionales y analizar opciones de colaboraci\u00f3n relacionadas con promoci\u00f3n y conectividad.<\/p>\n\n\n\n<p>Como parte de la agenda, se reportaron acuerdos y convenios con organismos empresariales como la Confederaci\u00f3n de C\u00e1maras Nacionales de Comercio, Servicios y Turismo, as\u00ed como entendimientos con otras entidades federativas y plataformas digitales, enfocados en acciones conjuntas de promoci\u00f3n tur\u00edstica.<\/p>\n\n\n\n<p>De acuerdo con la informaci\u00f3n difundida, durante las actividades de la feria se destac\u00f3 el inter\u00e9s de profesionales del sector en la oferta natural y cultural del estado, particularmente en destinos de la regi\u00f3n Huasteca, como parte del posicionamiento del estado en el mercado tur\u00edstico internacional.<\/p>\n","protected":false},"excerpt":{"rendered":"<p>San Luis Potos\u00ed particip\u00f3 en la Feria Internacional de Turismo 2026, en Madrid, donde present\u00f3 su oferta tur\u00edstica y sostuvo reuniones con actores del sector para promover el destino en mercados internacionales.<\/p>\n","protected":false},"author":4,"featured_media":43516,"comment_status":"closed","ping_status":"closed","sticky":false,"template":"","format":"standard","meta":{"_et_pb_use_builder":"off","_et_pb_old_content":"","_et_gb_content_width":"","footnotes":""},"categories":[280],"tags":[72,66,316],"class_list":["post-43515","post","type-post","status-publish","format-standard","has-post-thumbnail","hentry","category-gob-slp","tag-gobierno-del-estado","tag-san-luis-potosi","tag-sectur"],"_links":{"self":[{"href":"https:\/\/gerardoduque.com.mx\/index.php?rest_route=\/wp\/v2\/posts\/43515","targetHints":{"allow":["GET"]}}],"collection":[{"href":"https:\/\/gerardoduque.com.mx\/index.php?rest_route=\/wp\/v2\/posts"}],"about":[{"href":"https:\/\/gerardoduque.com.mx\/index.php?rest_route=\/wp\/v2\/types\/post"}],"author":[{"embeddable":true,"href":"https:\/\/gerardoduque.com.mx\/index.php?rest_route=\/wp\/v2\/users\/4"}],"replies":[{"embeddable":true,"href":"https:\/\/gerardoduque.com.mx\/index.php?rest_route=%2Fwp%2Fv2%2Fcomments&post=43515"}],"version-history":[{"count":0,"href":"https:\/\/gerardoduque.com.mx\/index.php?rest_route=\/wp\/v2\/posts\/43515\/revisions"}],"wp:featuredmedia":[{"embeddable":true,"href":"https:\/\/gerardoduque.com.mx\/index.php?rest_route=\/wp\/v2\/media\/43516"}],"wp:attachment":[{"href":"https:\/\/gerardoduque.com.mx\/index.php?rest_route=%2Fwp%2Fv2%2Fmedia&parent=43515"}],"wp:term":[{"taxonomy":"category","embeddable":true,"href":"https:\/\/gerardoduque.com.mx\/index.php?rest_route=%2Fwp%2Fv2%2Fcategories&post=43515"},{"taxonomy":"post_tag","embeddable":true,"href":"https:\/\/gerardoduque.com.mx\/index.php?rest_route=%2Fwp%2Fv2%2Ftags&post=43515"}],"curies":[{"name":"wp","href":"https:\/\/api.w.org\/{rel}","templated":true}]}}