{"id":43506,"date":"2026-01-27T16:58:24","date_gmt":"2026-01-27T22:58:24","guid":{"rendered":"https:\/\/gerardoduque.com.mx\/?p=43506"},"modified":"2026-01-27T16:58:31","modified_gmt":"2026-01-27T22:58:31","slug":"vence-el-30-de-enero-descuento-total-en-multas-y-recargos-de-control-vehicular","status":"publish","type":"post","link":"https:\/\/gerardoduque.com.mx\/?p=43506","title":{"rendered":"VENCE EL 30 DE ENERO DESCUENTO TOTAL EN MULTAS Y RECARGOS DE CONTROL VEHICULAR"},"content":{"rendered":"\n<p>La Secretar\u00eda de Finanzas inform\u00f3 que el pr\u00f3ximo 30 de enero vence el programa que otorga el cien por ciento de descuento en multas y recargos de control vehicular, disponible exclusivamente para pagos efectuados a trav\u00e9s de WhatsApp, el portal oficial de la dependencia, kioscos y bancos.<\/p>\n\n\n\n<p>De acuerdo con la informaci\u00f3n proporcionada, para acceder al beneficio las personas contribuyentes deben cubrir \u00fanicamente los adeudos correspondientes a los \u00faltimos cinco a\u00f1os, a partir de 2021, as\u00ed como el canje anual 2026.<\/p>\n\n\n\n<p>El programa aplica solo para veh\u00edculos de origen potosino que cuenten con alta vigente en el sistema, condici\u00f3n necesaria para que proceda el borr\u00f3n de adeudos anteriores.<\/p>\n\n\n\n<p>La dependencia se\u00f1al\u00f3 que el esquema busca facilitar la regularizaci\u00f3n de veh\u00edculos mediante opciones de pago disponibles en distintos canales autorizados antes de la fecha l\u00edmite establecida.<\/p>\n","protected":false},"excerpt":{"rendered":"<p>El 30 de enero concluye el programa de descuento total en multas y recargos de control vehicular, aplicable \u00fanicamente a pagos realizados por medios digitales, kioscos y bancos.<\/p>\n","protected":false},"author":4,"featured_media":43507,"comment_status":"closed","ping_status":"closed","sticky":false,"template":"","format":"standard","meta":{"_et_pb_use_builder":"off","_et_pb_old_content":"","_et_gb_content_width":"","footnotes":""},"categories":[280],"tags":[72,66,132],"class_list":["post-43506","post","type-post","status-publish","format-standard","has-post-thumbnail","hentry","category-gob-slp","tag-gobierno-del-estado","tag-san-luis-potosi","tag-sefin"],"_links":{"self":[{"href":"https:\/\/gerardoduque.com.mx\/index.php?rest_route=\/wp\/v2\/posts\/43506","targetHints":{"allow":["GET"]}}],"collection":[{"href":"https:\/\/gerardoduque.com.mx\/index.php?rest_route=\/wp\/v2\/posts"}],"about":[{"href":"https:\/\/gerardoduque.com.mx\/index.php?rest_route=\/wp\/v2\/types\/post"}],"author":[{"embeddable":true,"href":"https:\/\/gerardoduque.com.mx\/index.php?rest_route=\/wp\/v2\/users\/4"}],"replies":[{"embeddable":true,"href":"https:\/\/gerardoduque.com.mx\/index.php?rest_route=%2Fwp%2Fv2%2Fcomments&post=43506"}],"version-history":[{"count":0,"href":"https:\/\/gerardoduque.com.mx\/index.php?rest_route=\/wp\/v2\/posts\/43506\/revisions"}],"wp:featuredmedia":[{"embeddable":true,"href":"https:\/\/gerardoduque.com.mx\/index.php?rest_route=\/wp\/v2\/media\/43507"}],"wp:attachment":[{"href":"https:\/\/gerardoduque.com.mx\/index.php?rest_route=%2Fwp%2Fv2%2Fmedia&parent=43506"}],"wp:term":[{"taxonomy":"category","embeddable":true,"href":"https:\/\/gerardoduque.com.mx\/index.php?rest_route=%2Fwp%2Fv2%2Fcategories&post=43506"},{"taxonomy":"post_tag","embeddable":true,"href":"https:\/\/gerardoduque.com.mx\/index.php?rest_route=%2Fwp%2Fv2%2Ftags&post=43506"}],"curies":[{"name":"wp","href":"https:\/\/api.w.org\/{rel}","templated":true}]}}