{"id":43498,"date":"2026-01-27T12:23:01","date_gmt":"2026-01-27T18:23:01","guid":{"rendered":"https:\/\/gerardoduque.com.mx\/?p=43498"},"modified":"2026-01-27T12:23:10","modified_gmt":"2026-01-27T18:23:10","slug":"realizan-jornada-de-educacion-ambiental-en-escuela-primaria-de-mexquitic","status":"publish","type":"post","link":"https:\/\/gerardoduque.com.mx\/?p=43498","title":{"rendered":"REALIZAN JORNADA DE EDUCACI\u00d3N AMBIENTAL EN ESCUELA PRIMARIA DE MEXQUITIC"},"content":{"rendered":"\n<p>En el marco del D\u00eda Mundial de la Educaci\u00f3n Ambiental, la Secretar\u00eda de Ecolog\u00eda y Gesti\u00f3n Ambiental llev\u00f3 a cabo una jornada educativa en la escuela primaria <strong>Ni\u00f1o Artillero<\/strong>, ubicada en la localidad de Monte Obscuro, en el municipio de Mexquitic de Carmona.<\/p>\n\n\n\n<p>Durante la actividad se abordaron temas relacionados con la educaci\u00f3n ambiental y el impacto de las acciones cotidianas en el entorno natural, con el prop\u00f3sito de fomentar pr\u00e1cticas responsables desde el \u00e1mbito individual y comunitario. Como parte del ejercicio, los estudiantes presentaron trabajos como poemas, dibujos, maquetas y carteles vinculados al cuidado del medio ambiente.<\/p>\n\n\n\n<p>La jornada cont\u00f3 con la participaci\u00f3n de m\u00e1s de 290 estudiantes, as\u00ed como madres y padres de familia, personal docente y el comit\u00e9 de ecolog\u00eda escolar, quienes se sumaron a las actividades programadas.<\/p>\n\n\n\n<p>De acuerdo con la dependencia, este tipo de acciones buscan fortalecer la educaci\u00f3n ambiental en comunidades escolares y promover la reflexi\u00f3n sobre la protecci\u00f3n del entorno natural desde edades tempranas.<\/p>\n","protected":false},"excerpt":{"rendered":"<p>Se realiz\u00f3 una jornada educativa sobre cuidado ambiental en una escuela primaria de la comunidad de Monte Obscuro, en Mexquitic de Carmona, con la participaci\u00f3n de estudiantes, docentes y familias.<\/p>\n","protected":false},"author":4,"featured_media":43501,"comment_status":"closed","ping_status":"closed","sticky":false,"template":"","format":"standard","meta":{"_et_pb_use_builder":"off","_et_pb_old_content":"","_et_gb_content_width":"","footnotes":""},"categories":[280],"tags":[72,66,155],"class_list":["post-43498","post","type-post","status-publish","format-standard","has-post-thumbnail","hentry","category-gob-slp","tag-gobierno-del-estado","tag-san-luis-potosi","tag-segam"],"_links":{"self":[{"href":"https:\/\/gerardoduque.com.mx\/index.php?rest_route=\/wp\/v2\/posts\/43498","targetHints":{"allow":["GET"]}}],"collection":[{"href":"https:\/\/gerardoduque.com.mx\/index.php?rest_route=\/wp\/v2\/posts"}],"about":[{"href":"https:\/\/gerardoduque.com.mx\/index.php?rest_route=\/wp\/v2\/types\/post"}],"author":[{"embeddable":true,"href":"https:\/\/gerardoduque.com.mx\/index.php?rest_route=\/wp\/v2\/users\/4"}],"replies":[{"embeddable":true,"href":"https:\/\/gerardoduque.com.mx\/index.php?rest_route=%2Fwp%2Fv2%2Fcomments&post=43498"}],"version-history":[{"count":0,"href":"https:\/\/gerardoduque.com.mx\/index.php?rest_route=\/wp\/v2\/posts\/43498\/revisions"}],"wp:featuredmedia":[{"embeddable":true,"href":"https:\/\/gerardoduque.com.mx\/index.php?rest_route=\/wp\/v2\/media\/43501"}],"wp:attachment":[{"href":"https:\/\/gerardoduque.com.mx\/index.php?rest_route=%2Fwp%2Fv2%2Fmedia&parent=43498"}],"wp:term":[{"taxonomy":"category","embeddable":true,"href":"https:\/\/gerardoduque.com.mx\/index.php?rest_route=%2Fwp%2Fv2%2Fcategories&post=43498"},{"taxonomy":"post_tag","embeddable":true,"href":"https:\/\/gerardoduque.com.mx\/index.php?rest_route=%2Fwp%2Fv2%2Ftags&post=43498"}],"curies":[{"name":"wp","href":"https:\/\/api.w.org\/{rel}","templated":true}]}}