{"id":43494,"date":"2026-01-27T08:38:52","date_gmt":"2026-01-27T14:38:52","guid":{"rendered":"https:\/\/gerardoduque.com.mx\/?p=43494"},"modified":"2026-01-27T08:39:02","modified_gmt":"2026-01-27T14:39:02","slug":"realizan-encuentro-interinstitucional-para-fortalecer-acciones-de-busqueda-de-personas-en-slp","status":"publish","type":"post","link":"https:\/\/gerardoduque.com.mx\/?p=43494","title":{"rendered":"REALIZAN ENCUENTRO INTERINSTITUCIONAL PARA FORTALECER ACCIONES DE B\u00daSQUEDA DE PERSONAS EN SLP"},"content":{"rendered":"\n<p>Se llev\u00f3 a cabo un encuentro interinstitucional entre autoridades federales, estatales y representantes de colectivos de v\u00edctimas, con el objetivo de revisar la coordinaci\u00f3n y el desarrollo de las acciones de b\u00fasqueda, localizaci\u00f3n e identificaci\u00f3n de personas en las cuatro regiones del estado.<\/p>\n\n\n\n<p>A la reuni\u00f3n asisti\u00f3 la comisionada nacional de b\u00fasqueda, as\u00ed como subsecretarios de la Secretar\u00eda General de Gobierno, quienes expusieron la importancia de mantener la articulaci\u00f3n entre instancias y el acompa\u00f1amiento a las familias durante los procesos de b\u00fasqueda. Durante el di\u00e1logo se abord\u00f3 la necesidad de reforzar capacidades operativas, incluyendo la disponibilidad de unidades y equipo especializado para b\u00fasquedas a\u00e9reas y en cuerpos de agua.<\/p>\n\n\n\n<p>En el encuentro se destac\u00f3 el trabajo de la Comisi\u00f3n Estatal de B\u00fasqueda de Personas y la coordinaci\u00f3n con la Comisi\u00f3n Nacional de B\u00fasqueda de Personas, as\u00ed como la relevancia de mantener mecanismos de colaboraci\u00f3n permanente con colectivos de v\u00edctimas para el seguimiento de casos.<\/p>\n\n\n\n<p>Representantes de colectivos, entre ellos Voz y Dignidad, solicitaron fortalecer el acompa\u00f1amiento en materia de seguridad durante las jornadas de b\u00fasqueda y dar continuidad a los casos en curso, adem\u00e1s de reiterar la importancia de la participaci\u00f3n de corporaciones como la Guardia Civil Estatal en los operativos correspondientes.<\/p>\n","protected":false},"excerpt":{"rendered":"<p>Autoridades federales y estatales sostuvieron un encuentro con colectivos de v\u00edctimas para revisar avances y necesidades en las acciones de b\u00fasqueda de personas en la entidad.<\/p>\n","protected":false},"author":4,"featured_media":43495,"comment_status":"closed","ping_status":"closed","sticky":false,"template":"","format":"standard","meta":{"_et_pb_use_builder":"off","_et_pb_old_content":"","_et_gb_content_width":"","footnotes":""},"categories":[280],"tags":[374,72,66],"class_list":["post-43494","post","type-post","status-publish","format-standard","has-post-thumbnail","hentry","category-gob-slp","tag-cebp","tag-gobierno-del-estado","tag-san-luis-potosi"],"_links":{"self":[{"href":"https:\/\/gerardoduque.com.mx\/index.php?rest_route=\/wp\/v2\/posts\/43494","targetHints":{"allow":["GET"]}}],"collection":[{"href":"https:\/\/gerardoduque.com.mx\/index.php?rest_route=\/wp\/v2\/posts"}],"about":[{"href":"https:\/\/gerardoduque.com.mx\/index.php?rest_route=\/wp\/v2\/types\/post"}],"author":[{"embeddable":true,"href":"https:\/\/gerardoduque.com.mx\/index.php?rest_route=\/wp\/v2\/users\/4"}],"replies":[{"embeddable":true,"href":"https:\/\/gerardoduque.com.mx\/index.php?rest_route=%2Fwp%2Fv2%2Fcomments&post=43494"}],"version-history":[{"count":0,"href":"https:\/\/gerardoduque.com.mx\/index.php?rest_route=\/wp\/v2\/posts\/43494\/revisions"}],"wp:featuredmedia":[{"embeddable":true,"href":"https:\/\/gerardoduque.com.mx\/index.php?rest_route=\/wp\/v2\/media\/43495"}],"wp:attachment":[{"href":"https:\/\/gerardoduque.com.mx\/index.php?rest_route=%2Fwp%2Fv2%2Fmedia&parent=43494"}],"wp:term":[{"taxonomy":"category","embeddable":true,"href":"https:\/\/gerardoduque.com.mx\/index.php?rest_route=%2Fwp%2Fv2%2Fcategories&post=43494"},{"taxonomy":"post_tag","embeddable":true,"href":"https:\/\/gerardoduque.com.mx\/index.php?rest_route=%2Fwp%2Fv2%2Ftags&post=43494"}],"curies":[{"name":"wp","href":"https:\/\/api.w.org\/{rel}","templated":true}]}}