{"id":43463,"date":"2026-01-26T06:58:36","date_gmt":"2026-01-26T12:58:36","guid":{"rendered":"https:\/\/gerardoduque.com.mx\/?p=43463"},"modified":"2026-01-26T06:58:43","modified_gmt":"2026-01-26T12:58:43","slug":"revisan-temas-tecnicos-y-normativos-para-mejorar-servicios-registrales-y-catastrales-en-slp","status":"publish","type":"post","link":"https:\/\/gerardoduque.com.mx\/?p=43463","title":{"rendered":"REVISAN TEMAS T\u00c9CNICOS Y NORMATIVOS PARA MEJORAR SERVICIOS REGISTRALES Y CATASTRALES EN SLP"},"content":{"rendered":"\n<p>La Secretar\u00eda General de Gobierno, a trav\u00e9s de su Direcci\u00f3n Jur\u00eddica, y el Instituto Registral y Catastral llevaron a cabo una reuni\u00f3n de trabajo para analizar temas t\u00e9cnicos y normativos que requieren coordinaci\u00f3n entre ambas instancias, con el objetivo de mejorar los servicios que se brindan a la poblaci\u00f3n.<\/p>\n\n\n\n<p>Durante el encuentro se revisaron procesos registrales y catastrales que demandan an\u00e1lisis conjunto, a fin de identificar \u00e1reas de mejora y dar seguimiento a asuntos operativos que inciden en la atenci\u00f3n ciudadana.<\/p>\n\n\n\n<p>La titular del Instituto Registral y Catastral se\u00f1al\u00f3 que la coordinaci\u00f3n interinstitucional permite avanzar en soluciones operativas y fortalecer los procedimientos, mediante un seguimiento permanente de los temas prioritarios para ambas dependencias.<\/p>\n\n\n\n<p>Las autoridades indicaron que estos trabajos buscan generar mayor certeza jur\u00eddica y procedimientos m\u00e1s claros y eficientes en los 59 municipios, mediante la revisi\u00f3n y mejora continua de los servicios p\u00fablicos a cargo de ambas instancias.<\/p>\n","protected":false},"excerpt":{"rendered":"<p>Se sostuvo una reuni\u00f3n t\u00e9cnica para revisar aspectos normativos y operativos con impacto en los servicios a la poblaci\u00f3n.<\/p>\n","protected":false},"author":4,"featured_media":43464,"comment_status":"closed","ping_status":"closed","sticky":false,"template":"","format":"standard","meta":{"_et_pb_use_builder":"off","_et_pb_old_content":"","_et_gb_content_width":"","footnotes":""},"categories":[280],"tags":[72,402,66,394],"class_list":["post-43463","post","type-post","status-publish","format-standard","has-post-thumbnail","hentry","category-gob-slp","tag-gobierno-del-estado","tag-irc","tag-san-luis-potosi","tag-sgg"],"_links":{"self":[{"href":"https:\/\/gerardoduque.com.mx\/index.php?rest_route=\/wp\/v2\/posts\/43463","targetHints":{"allow":["GET"]}}],"collection":[{"href":"https:\/\/gerardoduque.com.mx\/index.php?rest_route=\/wp\/v2\/posts"}],"about":[{"href":"https:\/\/gerardoduque.com.mx\/index.php?rest_route=\/wp\/v2\/types\/post"}],"author":[{"embeddable":true,"href":"https:\/\/gerardoduque.com.mx\/index.php?rest_route=\/wp\/v2\/users\/4"}],"replies":[{"embeddable":true,"href":"https:\/\/gerardoduque.com.mx\/index.php?rest_route=%2Fwp%2Fv2%2Fcomments&post=43463"}],"version-history":[{"count":0,"href":"https:\/\/gerardoduque.com.mx\/index.php?rest_route=\/wp\/v2\/posts\/43463\/revisions"}],"wp:featuredmedia":[{"embeddable":true,"href":"https:\/\/gerardoduque.com.mx\/index.php?rest_route=\/wp\/v2\/media\/43464"}],"wp:attachment":[{"href":"https:\/\/gerardoduque.com.mx\/index.php?rest_route=%2Fwp%2Fv2%2Fmedia&parent=43463"}],"wp:term":[{"taxonomy":"category","embeddable":true,"href":"https:\/\/gerardoduque.com.mx\/index.php?rest_route=%2Fwp%2Fv2%2Fcategories&post=43463"},{"taxonomy":"post_tag","embeddable":true,"href":"https:\/\/gerardoduque.com.mx\/index.php?rest_route=%2Fwp%2Fv2%2Ftags&post=43463"}],"curies":[{"name":"wp","href":"https:\/\/api.w.org\/{rel}","templated":true}]}}