{"id":43439,"date":"2026-01-25T10:15:19","date_gmt":"2026-01-25T16:15:19","guid":{"rendered":"https:\/\/gerardoduque.com.mx\/?p=43439"},"modified":"2026-01-25T10:15:25","modified_gmt":"2026-01-25T16:15:25","slug":"orquesta-sinfonica-de-san-luis-potosi-inaugura-temporada-2026-con-concierto-de-ano-nuevo","status":"publish","type":"post","link":"https:\/\/gerardoduque.com.mx\/?p=43439","title":{"rendered":"ORQUESTA SINF\u00d3NICA DE SAN LUIS POTOS\u00cd INAUGURA TEMPORADA 2026 CON CONCIERTO DE A\u00d1O NUEVO"},"content":{"rendered":"\n<p>La Orquesta Sinf\u00f3nica de San Luis Potos\u00ed dio inicio a su Temporada 2026 con el tradicional Concierto de A\u00f1o Nuevo, celebrado en el Teatro de la Paz, que registr\u00f3 aforo completo.<\/p>\n\n\n\n<p>El concierto estuvo a cargo de la orquesta bajo la direcci\u00f3n general y art\u00edstica de Enrique Barrios. El programa fue concebido como un recorrido musical por distintos momentos del a\u00f1o e incluy\u00f3 un adelanto de algunas de las obras que formar\u00e1n parte de la programaci\u00f3n de la temporada.<\/p>\n\n\n\n<p>La presentaci\u00f3n cont\u00f3 con la participaci\u00f3n del Coro Polif\u00f3nico de la Escuela Estatal de M\u00fasica del SEER, el Coro de la Escuela de Iniciaci\u00f3n Musical Juli\u00e1n Carrillo, el Coro Crescendo y la Coral del Potos\u00ed, que se integraron al repertorio interpretado durante la velada.<\/p>\n\n\n\n<p>El programa combin\u00f3 piezas del repertorio sinf\u00f3nico universal y obras de la m\u00fasica mexicana, como parte de las actividades culturales previstas para la Temporada 2026 de la orquesta.<\/p>\n","protected":false},"excerpt":{"rendered":"<p>La Orquesta Sinf\u00f3nica de San Luis Potos\u00ed inaugur\u00f3 su Temporada 2026 con el Concierto de A\u00f1o Nuevo, realizado en el Teatro de la Paz con asistencia total del p\u00fablico.<\/p>\n","protected":false},"author":4,"featured_media":43440,"comment_status":"closed","ping_status":"closed","sticky":false,"template":"","format":"standard","meta":{"_et_pb_use_builder":"off","_et_pb_old_content":"","_et_gb_content_width":"","footnotes":""},"categories":[280],"tags":[72,334,66],"class_list":["post-43439","post","type-post","status-publish","format-standard","has-post-thumbnail","hentry","category-gob-slp","tag-gobierno-del-estado","tag-osslp","tag-san-luis-potosi"],"_links":{"self":[{"href":"https:\/\/gerardoduque.com.mx\/index.php?rest_route=\/wp\/v2\/posts\/43439","targetHints":{"allow":["GET"]}}],"collection":[{"href":"https:\/\/gerardoduque.com.mx\/index.php?rest_route=\/wp\/v2\/posts"}],"about":[{"href":"https:\/\/gerardoduque.com.mx\/index.php?rest_route=\/wp\/v2\/types\/post"}],"author":[{"embeddable":true,"href":"https:\/\/gerardoduque.com.mx\/index.php?rest_route=\/wp\/v2\/users\/4"}],"replies":[{"embeddable":true,"href":"https:\/\/gerardoduque.com.mx\/index.php?rest_route=%2Fwp%2Fv2%2Fcomments&post=43439"}],"version-history":[{"count":0,"href":"https:\/\/gerardoduque.com.mx\/index.php?rest_route=\/wp\/v2\/posts\/43439\/revisions"}],"wp:featuredmedia":[{"embeddable":true,"href":"https:\/\/gerardoduque.com.mx\/index.php?rest_route=\/wp\/v2\/media\/43440"}],"wp:attachment":[{"href":"https:\/\/gerardoduque.com.mx\/index.php?rest_route=%2Fwp%2Fv2%2Fmedia&parent=43439"}],"wp:term":[{"taxonomy":"category","embeddable":true,"href":"https:\/\/gerardoduque.com.mx\/index.php?rest_route=%2Fwp%2Fv2%2Fcategories&post=43439"},{"taxonomy":"post_tag","embeddable":true,"href":"https:\/\/gerardoduque.com.mx\/index.php?rest_route=%2Fwp%2Fv2%2Ftags&post=43439"}],"curies":[{"name":"wp","href":"https:\/\/api.w.org\/{rel}","templated":true}]}}