{"id":43433,"date":"2026-01-25T10:08:16","date_gmt":"2026-01-25T16:08:16","guid":{"rendered":"https:\/\/gerardoduque.com.mx\/?p=43433"},"modified":"2026-01-25T10:08:25","modified_gmt":"2026-01-25T16:08:25","slug":"catorce-ciudad-valles-y-la-capital-representan-a-san-luis-potosi-en-fitur-2026","status":"publish","type":"post","link":"https:\/\/gerardoduque.com.mx\/?p=43433","title":{"rendered":"CATORCE, CIUDAD VALLES Y LA CAPITAL REPRESENTAN A SAN LUIS POTOS\u00cd EN FITUR 2026"},"content":{"rendered":"\n<p>San Luis Potos\u00ed particip\u00f3 en el escenario principal de la Feria Internacional de Turismo, celebrada en Madrid, Espa\u00f1a, donde se present\u00f3 material audiovisual para difundir los principales atractivos tur\u00edsticos del estado ante profesionales del sector provenientes de distintos pa\u00edses.<\/p>\n\n\n\n<p>La Secretar\u00eda de Turismo dio a conocer una producci\u00f3n audiovisual que mostr\u00f3 destinos y expresiones culturales vinculadas a la marca \u201cSan Luis Potos\u00ed Surrealista\u201d, con el objetivo de posicionar a la entidad dentro de la oferta tur\u00edstica nacional en el contexto internacional.<\/p>\n\n\n\n<p>De acuerdo con la informaci\u00f3n proporcionada, la participaci\u00f3n en FITUR forma parte de las acciones de promoci\u00f3n tur\u00edstica que se realizan de manera coordinada para ampliar la visibilidad del estado en mercados internacionales y fortalecer su presencia en espacios especializados del sector.<\/p>\n\n\n\n<p>Al evento asistieron autoridades municipales que acompa\u00f1aron la presentaci\u00f3n, entre ellas representantes de los municipios de Catorce, de la capital del estado y de Ciudad Valles, quienes estuvieron presentes durante las actividades de promoci\u00f3n desarrolladas en la feria.<\/p>\n","protected":false},"excerpt":{"rendered":"<p>San Luis Potos\u00ed present\u00f3 material de promoci\u00f3n tur\u00edstica en el escenario principal de la Feria Internacional de Turismo 2026, realizada en Madrid, Espa\u00f1a, como parte de las actividades del pabell\u00f3n de M\u00e9xico.<\/p>\n","protected":false},"author":4,"featured_media":43434,"comment_status":"closed","ping_status":"closed","sticky":false,"template":"","format":"standard","meta":{"_et_pb_use_builder":"off","_et_pb_old_content":"","_et_gb_content_width":"","footnotes":""},"categories":[280],"tags":[72,66,316],"class_list":["post-43433","post","type-post","status-publish","format-standard","has-post-thumbnail","hentry","category-gob-slp","tag-gobierno-del-estado","tag-san-luis-potosi","tag-sectur"],"_links":{"self":[{"href":"https:\/\/gerardoduque.com.mx\/index.php?rest_route=\/wp\/v2\/posts\/43433","targetHints":{"allow":["GET"]}}],"collection":[{"href":"https:\/\/gerardoduque.com.mx\/index.php?rest_route=\/wp\/v2\/posts"}],"about":[{"href":"https:\/\/gerardoduque.com.mx\/index.php?rest_route=\/wp\/v2\/types\/post"}],"author":[{"embeddable":true,"href":"https:\/\/gerardoduque.com.mx\/index.php?rest_route=\/wp\/v2\/users\/4"}],"replies":[{"embeddable":true,"href":"https:\/\/gerardoduque.com.mx\/index.php?rest_route=%2Fwp%2Fv2%2Fcomments&post=43433"}],"version-history":[{"count":0,"href":"https:\/\/gerardoduque.com.mx\/index.php?rest_route=\/wp\/v2\/posts\/43433\/revisions"}],"wp:featuredmedia":[{"embeddable":true,"href":"https:\/\/gerardoduque.com.mx\/index.php?rest_route=\/wp\/v2\/media\/43434"}],"wp:attachment":[{"href":"https:\/\/gerardoduque.com.mx\/index.php?rest_route=%2Fwp%2Fv2%2Fmedia&parent=43433"}],"wp:term":[{"taxonomy":"category","embeddable":true,"href":"https:\/\/gerardoduque.com.mx\/index.php?rest_route=%2Fwp%2Fv2%2Fcategories&post=43433"},{"taxonomy":"post_tag","embeddable":true,"href":"https:\/\/gerardoduque.com.mx\/index.php?rest_route=%2Fwp%2Fv2%2Ftags&post=43433"}],"curies":[{"name":"wp","href":"https:\/\/api.w.org\/{rel}","templated":true}]}}