{"id":43430,"date":"2026-01-25T10:00:44","date_gmt":"2026-01-25T16:00:44","guid":{"rendered":"https:\/\/gerardoduque.com.mx\/?p=43430"},"modified":"2026-01-25T10:00:51","modified_gmt":"2026-01-25T16:00:51","slug":"ofrecen-opciones-de-empleo-a-personas-migrantes-que-regresan-a-slp","status":"publish","type":"post","link":"https:\/\/gerardoduque.com.mx\/?p=43430","title":{"rendered":"OFRECEN OPCIONES DE EMPLEO A PERSONAS MIGRANTES QUE REGRESAN A SLP"},"content":{"rendered":"\n<p>Personas originarias de San Luis Potos\u00ed que han retornado de manera definitiva desde Estados Unidos han encontrado oportunidades de empleo en la entidad, mediante acciones de vinculaci\u00f3n laboral coordinadas entre dependencias estatales y el sector privado.<\/p>\n\n\n\n<p>El Instituto de Migraci\u00f3n y Enlace Internacional inform\u00f3 que una de las principales v\u00edas de inserci\u00f3n laboral han sido las ferias de empleo organizadas por la Secretar\u00eda del Trabajo y Previsi\u00f3n Social, en las que participan empresas que ofrecen vacantes con salarios y prestaciones conforme a la ley.<\/p>\n\n\n\n<p>De acuerdo con la informaci\u00f3n proporcionada, estas ferias han permitido que personas que ya residen de forma permanente en la entidad accedan a empleos formales en distintos sectores productivos, como parte de los mecanismos de atenci\u00f3n a la poblaci\u00f3n migrante retornada.<\/p>\n\n\n\n<p>Asimismo, se indic\u00f3 que los connacionales cuentan con opciones para acreditar las habilidades t\u00e9cnicas y competencias adquiridas en el extranjero a trav\u00e9s del Instituto de Capacitaci\u00f3n para el Trabajo. En este espacio se eval\u00faan conocimientos en \u00e1reas como construcci\u00f3n, servicios, cuidados, gastronom\u00eda, agricultura, industria, manufactura, transporte, ventas y manejo de software, lo que facilita su reincorporaci\u00f3n al mercado laboral local.<\/p>\n","protected":false},"excerpt":{"rendered":"<p>Personas migrantes que regresaron de manera definitiva desde Estados Unidos han accedido a opciones de empleo formal en la entidad, a trav\u00e9s de esquemas de vinculaci\u00f3n laboral y certificaci\u00f3n de habilidades.<\/p>\n","protected":false},"author":4,"featured_media":43431,"comment_status":"closed","ping_status":"closed","sticky":false,"template":"","format":"standard","meta":{"_et_pb_use_builder":"off","_et_pb_old_content":"","_et_gb_content_width":"","footnotes":""},"categories":[280],"tags":[72,268,66],"class_list":["post-43430","post","type-post","status-publish","format-standard","has-post-thumbnail","hentry","category-gob-slp","tag-gobierno-del-estado","tag-imei","tag-san-luis-potosi"],"_links":{"self":[{"href":"https:\/\/gerardoduque.com.mx\/index.php?rest_route=\/wp\/v2\/posts\/43430","targetHints":{"allow":["GET"]}}],"collection":[{"href":"https:\/\/gerardoduque.com.mx\/index.php?rest_route=\/wp\/v2\/posts"}],"about":[{"href":"https:\/\/gerardoduque.com.mx\/index.php?rest_route=\/wp\/v2\/types\/post"}],"author":[{"embeddable":true,"href":"https:\/\/gerardoduque.com.mx\/index.php?rest_route=\/wp\/v2\/users\/4"}],"replies":[{"embeddable":true,"href":"https:\/\/gerardoduque.com.mx\/index.php?rest_route=%2Fwp%2Fv2%2Fcomments&post=43430"}],"version-history":[{"count":0,"href":"https:\/\/gerardoduque.com.mx\/index.php?rest_route=\/wp\/v2\/posts\/43430\/revisions"}],"wp:featuredmedia":[{"embeddable":true,"href":"https:\/\/gerardoduque.com.mx\/index.php?rest_route=\/wp\/v2\/media\/43431"}],"wp:attachment":[{"href":"https:\/\/gerardoduque.com.mx\/index.php?rest_route=%2Fwp%2Fv2%2Fmedia&parent=43430"}],"wp:term":[{"taxonomy":"category","embeddable":true,"href":"https:\/\/gerardoduque.com.mx\/index.php?rest_route=%2Fwp%2Fv2%2Fcategories&post=43430"},{"taxonomy":"post_tag","embeddable":true,"href":"https:\/\/gerardoduque.com.mx\/index.php?rest_route=%2Fwp%2Fv2%2Ftags&post=43430"}],"curies":[{"name":"wp","href":"https:\/\/api.w.org\/{rel}","templated":true}]}}