{"id":43424,"date":"2026-01-25T09:49:37","date_gmt":"2026-01-25T15:49:37","guid":{"rendered":"https:\/\/gerardoduque.com.mx\/?p=43424"},"modified":"2026-01-25T09:49:46","modified_gmt":"2026-01-25T15:49:46","slug":"reabren-parques-tangamanga-i-y-ii-tras-cierre-preventivo-por-vientos","status":"publish","type":"post","link":"https:\/\/gerardoduque.com.mx\/?p=43424","title":{"rendered":"REABREN PARQUES TANGAMANGA I Y II TRAS CIERRE PREVENTIVO POR VIENTOS"},"content":{"rendered":"\n<p>El d\u00eda de ayer, s\u00e1bado 25 de enero, se aplic\u00f3 un cierre temporal en los parques Tangamanga I y Tangamanga II como medida preventiva ante las fuertes r\u00e1fagas de viento registradas en la zona metropolitana, con el fin de reducir riesgos para los usuarios.<\/p>\n\n\n\n<p>La medida se adopt\u00f3 con base en la recomendaci\u00f3n de la Coordinaci\u00f3n Estatal de Protecci\u00f3n Civil, ante la posibilidad de desprendimiento de ramas, \u00e1rboles u otros objetos por las condiciones climatol\u00f3gicas.<\/p>\n\n\n\n<p>Este d\u00eda, ambos parques reanudaron actividades; no obstante, se inform\u00f3 que se realizan trabajos de limpieza y retiro de material vegetal, por lo que se solicita a los visitantes extremar precauciones, respetar se\u00f1alamientos y atender indicaciones del personal en sitio.<\/p>\n\n\n\n<p>Las autoridades indicaron que las labores continuar\u00e1n de manera preventiva y que las dependencias de atenci\u00f3n a emergencias se mantienen atentas para responder ante cualquier eventualidad.<\/p>\n\n\n\n<p><\/p>\n","protected":false},"excerpt":{"rendered":"<p>El d\u00eda de ayer se determin\u00f3 el cierre temporal de los parques Tangamanga I y II por fuertes vientos; este d\u00eda reabrieron al p\u00fablico con recomendaciones de precauci\u00f3n debido a labores de limpieza en curso.<\/p>\n","protected":false},"author":4,"featured_media":43425,"comment_status":"closed","ping_status":"closed","sticky":false,"template":"","format":"standard","meta":{"_et_pb_use_builder":"off","_et_pb_old_content":"","_et_gb_content_width":"","footnotes":""},"categories":[280],"tags":[72,66],"class_list":["post-43424","post","type-post","status-publish","format-standard","has-post-thumbnail","hentry","category-gob-slp","tag-gobierno-del-estado","tag-san-luis-potosi"],"_links":{"self":[{"href":"https:\/\/gerardoduque.com.mx\/index.php?rest_route=\/wp\/v2\/posts\/43424","targetHints":{"allow":["GET"]}}],"collection":[{"href":"https:\/\/gerardoduque.com.mx\/index.php?rest_route=\/wp\/v2\/posts"}],"about":[{"href":"https:\/\/gerardoduque.com.mx\/index.php?rest_route=\/wp\/v2\/types\/post"}],"author":[{"embeddable":true,"href":"https:\/\/gerardoduque.com.mx\/index.php?rest_route=\/wp\/v2\/users\/4"}],"replies":[{"embeddable":true,"href":"https:\/\/gerardoduque.com.mx\/index.php?rest_route=%2Fwp%2Fv2%2Fcomments&post=43424"}],"version-history":[{"count":0,"href":"https:\/\/gerardoduque.com.mx\/index.php?rest_route=\/wp\/v2\/posts\/43424\/revisions"}],"wp:featuredmedia":[{"embeddable":true,"href":"https:\/\/gerardoduque.com.mx\/index.php?rest_route=\/wp\/v2\/media\/43425"}],"wp:attachment":[{"href":"https:\/\/gerardoduque.com.mx\/index.php?rest_route=%2Fwp%2Fv2%2Fmedia&parent=43424"}],"wp:term":[{"taxonomy":"category","embeddable":true,"href":"https:\/\/gerardoduque.com.mx\/index.php?rest_route=%2Fwp%2Fv2%2Fcategories&post=43424"},{"taxonomy":"post_tag","embeddable":true,"href":"https:\/\/gerardoduque.com.mx\/index.php?rest_route=%2Fwp%2Fv2%2Ftags&post=43424"}],"curies":[{"name":"wp","href":"https:\/\/api.w.org\/{rel}","templated":true}]}}