{"id":43413,"date":"2026-01-24T08:45:11","date_gmt":"2026-01-24T14:45:11","guid":{"rendered":"https:\/\/gerardoduque.com.mx\/?p=43413"},"modified":"2026-01-24T08:45:19","modified_gmt":"2026-01-24T14:45:19","slug":"realizaran-trabajos-de-conservacion-en-tramo-carretero-de-cedral","status":"publish","type":"post","link":"https:\/\/gerardoduque.com.mx\/?p=43413","title":{"rendered":"REALIZAR\u00c1N TRABAJOS DE CONSERVACI\u00d3N EN TRAMO CARRETERO DE CEDRAL"},"content":{"rendered":"\n<p>La Junta Estatal de Caminos inform\u00f3 que se llevar\u00e1n a cabo trabajos de conservaci\u00f3n en el tramo Cedral\u2013Cerro de Flores\u2013Santa Rita del Sotol\u2013San Lorenzo\u2013Palo Blanco, con una longitud de 34 kil\u00f3metros.<\/p>\n\n\n\n<p>De acuerdo con la dependencia, las labores incluyen acciones de mantenimiento, limpieza y chapoleo en laterales para mejorar la visibilidad, as\u00ed como la reposici\u00f3n de se\u00f1alamiento vertical y horizontal, con el fin de mantener condiciones adecuadas de tr\u00e1nsito.<\/p>\n\n\n\n<p>El tramo intervenido conecta a 12 localidades del municipio de Cedral y beneficia a m\u00e1s de 12 mil 500 personas que utilizan esta v\u00eda de manera regular para traslados locales y regionales.<\/p>\n\n\n\n<p>Los trabajos se realizar\u00e1n en coordinaci\u00f3n con el ayuntamiento de Cedral y forman parte de las acciones de conservaci\u00f3n de la red carretera estatal en distintas regiones.<\/p>\n","protected":false},"excerpt":{"rendered":"<p>Realizar\u00e1n trabajos de conservaci\u00f3n en un tramo carretero de 34 kil\u00f3metros en el municipio de Cedral, que conecta a 12 localidades y beneficia a m\u00e1s de 12 mil 500 habitantes.<\/p>\n","protected":false},"author":4,"featured_media":43414,"comment_status":"closed","ping_status":"closed","sticky":false,"template":"","format":"standard","meta":{"_et_pb_use_builder":"off","_et_pb_old_content":"","_et_gb_content_width":"","footnotes":""},"categories":[280],"tags":[72,276,66],"class_list":["post-43413","post","type-post","status-publish","format-standard","has-post-thumbnail","hentry","category-gob-slp","tag-gobierno-del-estado","tag-jec","tag-san-luis-potosi"],"_links":{"self":[{"href":"https:\/\/gerardoduque.com.mx\/index.php?rest_route=\/wp\/v2\/posts\/43413","targetHints":{"allow":["GET"]}}],"collection":[{"href":"https:\/\/gerardoduque.com.mx\/index.php?rest_route=\/wp\/v2\/posts"}],"about":[{"href":"https:\/\/gerardoduque.com.mx\/index.php?rest_route=\/wp\/v2\/types\/post"}],"author":[{"embeddable":true,"href":"https:\/\/gerardoduque.com.mx\/index.php?rest_route=\/wp\/v2\/users\/4"}],"replies":[{"embeddable":true,"href":"https:\/\/gerardoduque.com.mx\/index.php?rest_route=%2Fwp%2Fv2%2Fcomments&post=43413"}],"version-history":[{"count":0,"href":"https:\/\/gerardoduque.com.mx\/index.php?rest_route=\/wp\/v2\/posts\/43413\/revisions"}],"wp:featuredmedia":[{"embeddable":true,"href":"https:\/\/gerardoduque.com.mx\/index.php?rest_route=\/wp\/v2\/media\/43414"}],"wp:attachment":[{"href":"https:\/\/gerardoduque.com.mx\/index.php?rest_route=%2Fwp%2Fv2%2Fmedia&parent=43413"}],"wp:term":[{"taxonomy":"category","embeddable":true,"href":"https:\/\/gerardoduque.com.mx\/index.php?rest_route=%2Fwp%2Fv2%2Fcategories&post=43413"},{"taxonomy":"post_tag","embeddable":true,"href":"https:\/\/gerardoduque.com.mx\/index.php?rest_route=%2Fwp%2Fv2%2Ftags&post=43413"}],"curies":[{"name":"wp","href":"https:\/\/api.w.org\/{rel}","templated":true}]}}