{"id":43410,"date":"2026-01-24T08:42:03","date_gmt":"2026-01-24T14:42:03","guid":{"rendered":"https:\/\/gerardoduque.com.mx\/?p=43410"},"modified":"2026-01-24T08:42:13","modified_gmt":"2026-01-24T14:42:13","slug":"acuerdan-acciones-para-mejorar-atencion-juridica-en-centros-de-reinsercion-social","status":"publish","type":"post","link":"https:\/\/gerardoduque.com.mx\/?p=43410","title":{"rendered":"ACUERDAN ACCIONES PARA MEJORAR ATENCI\u00d3N JUR\u00cdDICA EN CENTROS DE REINSERCI\u00d3N SOCIAL"},"content":{"rendered":"\n<p>Dependencias estatales y federales establecieron acuerdos de coordinaci\u00f3n para fortalecer la atenci\u00f3n jur\u00eddica en los Centros de Reinserci\u00f3n Social del estado, con el objetivo de mejorar la asesor\u00eda legal a las personas privadas de la libertad.<\/p>\n\n\n\n<p>La coordinaci\u00f3n de estos trabajos est\u00e1 a cargo de la Defensor\u00eda P\u00fablica del Estado, que inform\u00f3 sobre la definici\u00f3n de mecanismos conjuntos para ampliar la cobertura y oportunidad en la atenci\u00f3n jur\u00eddica dentro de los centros penitenciarios.<\/p>\n\n\n\n<p>Entre los acuerdos alcanzados se contempla la realizaci\u00f3n de jornadas de visitas extraordinarias en los Centros de Reinserci\u00f3n Social, con el fin de atender de manera directa las inquietudes legales de las personas internas y dar seguimiento a sus procesos jur\u00eddicos.<\/p>\n\n\n\n<p>Las instancias participantes se\u00f1alaron que estas acciones forman parte de los procesos de coordinaci\u00f3n institucional orientados a mejorar el funcionamiento del sistema de justicia y los esquemas de reinserci\u00f3n social en la entidad.<\/p>\n","protected":false},"excerpt":{"rendered":"<p>Dependencias estatales y federales acordaron acciones conjuntas para mejorar la asesor\u00eda legal a personas privadas de la libertad en los Centros de Reinserci\u00f3n Social.<\/p>\n","protected":false},"author":4,"featured_media":43411,"comment_status":"closed","ping_status":"closed","sticky":false,"template":"","format":"standard","meta":{"_et_pb_use_builder":"off","_et_pb_old_content":"","_et_gb_content_width":"","footnotes":""},"categories":[280],"tags":[72,66],"class_list":["post-43410","post","type-post","status-publish","format-standard","has-post-thumbnail","hentry","category-gob-slp","tag-gobierno-del-estado","tag-san-luis-potosi"],"_links":{"self":[{"href":"https:\/\/gerardoduque.com.mx\/index.php?rest_route=\/wp\/v2\/posts\/43410","targetHints":{"allow":["GET"]}}],"collection":[{"href":"https:\/\/gerardoduque.com.mx\/index.php?rest_route=\/wp\/v2\/posts"}],"about":[{"href":"https:\/\/gerardoduque.com.mx\/index.php?rest_route=\/wp\/v2\/types\/post"}],"author":[{"embeddable":true,"href":"https:\/\/gerardoduque.com.mx\/index.php?rest_route=\/wp\/v2\/users\/4"}],"replies":[{"embeddable":true,"href":"https:\/\/gerardoduque.com.mx\/index.php?rest_route=%2Fwp%2Fv2%2Fcomments&post=43410"}],"version-history":[{"count":0,"href":"https:\/\/gerardoduque.com.mx\/index.php?rest_route=\/wp\/v2\/posts\/43410\/revisions"}],"wp:featuredmedia":[{"embeddable":true,"href":"https:\/\/gerardoduque.com.mx\/index.php?rest_route=\/wp\/v2\/media\/43411"}],"wp:attachment":[{"href":"https:\/\/gerardoduque.com.mx\/index.php?rest_route=%2Fwp%2Fv2%2Fmedia&parent=43410"}],"wp:term":[{"taxonomy":"category","embeddable":true,"href":"https:\/\/gerardoduque.com.mx\/index.php?rest_route=%2Fwp%2Fv2%2Fcategories&post=43410"},{"taxonomy":"post_tag","embeddable":true,"href":"https:\/\/gerardoduque.com.mx\/index.php?rest_route=%2Fwp%2Fv2%2Ftags&post=43410"}],"curies":[{"name":"wp","href":"https:\/\/api.w.org\/{rel}","templated":true}]}}