{"id":43407,"date":"2026-01-24T08:39:19","date_gmt":"2026-01-24T14:39:19","guid":{"rendered":"https:\/\/gerardoduque.com.mx\/?p=43407"},"modified":"2026-01-24T08:39:29","modified_gmt":"2026-01-24T14:39:29","slug":"reportan-avances-en-atencion-de-conflictos-laborales-en-la-region-media","status":"publish","type":"post","link":"https:\/\/gerardoduque.com.mx\/?p=43407","title":{"rendered":"REPORTAN AVANCES EN ATENCI\u00d3N DE CONFLICTOS LABORALES EN LA REGI\u00d3N MEDIA"},"content":{"rendered":"\n<p>La Secretar\u00eda del Trabajo y Previsi\u00f3n Social inform\u00f3 que el modelo de justicia laboral aplicado en la regi\u00f3n Media mantiene operaciones con resultados cuantificables a trav\u00e9s de la Delegaci\u00f3n Rioverde del Centro de Conciliaci\u00f3n Laboral.<\/p>\n\n\n\n<p>De acuerdo con los datos reportados, durante el presente a\u00f1o la delegaci\u00f3n ha registrado 64 expedientes y realizado 51 audiencias. Como resultado de estos procesos, se resolvieron 14 conflictos mediante convenios, lo que permiti\u00f3 una recuperaci\u00f3n econ\u00f3mica superior a 402 mil pesos en favor de las personas trabajadoras.<\/p>\n\n\n\n<p>Asimismo, se llevaron a cabo 14 ratificaciones de convenio, que generaron acuerdos por un monto superior a 1.3 millones de pesos. Estas acciones se desarrollaron conforme a los procedimientos establecidos para la conciliaci\u00f3n laboral.<\/p>\n\n\n\n<p>Actualmente, 21 expedientes contin\u00faan en proceso de conciliaci\u00f3n. Adem\u00e1s, se dio respuesta a 81 exhortos interinstitucionales relacionados con conflictos de alcance regional, como parte de las funciones operativas del esquema de atenci\u00f3n laboral en la zona.<\/p>\n","protected":false},"excerpt":{"rendered":"<p>Durante 2026, la Delegaci\u00f3n Rioverde del Centro de Conciliaci\u00f3n Laboral registr\u00f3 avances en la atenci\u00f3n de conflictos laborales, con expedientes en tr\u00e1mite, audiencias realizadas y recuperaci\u00f3n econ\u00f3mica derivada de convenios.<\/p>\n","protected":false},"author":4,"featured_media":43408,"comment_status":"closed","ping_status":"closed","sticky":false,"template":"","format":"standard","meta":{"_et_pb_use_builder":"off","_et_pb_old_content":"","_et_gb_content_width":"","footnotes":""},"categories":[280],"tags":[72,66,83],"class_list":["post-43407","post","type-post","status-publish","format-standard","has-post-thumbnail","hentry","category-gob-slp","tag-gobierno-del-estado","tag-san-luis-potosi","tag-stps"],"_links":{"self":[{"href":"https:\/\/gerardoduque.com.mx\/index.php?rest_route=\/wp\/v2\/posts\/43407","targetHints":{"allow":["GET"]}}],"collection":[{"href":"https:\/\/gerardoduque.com.mx\/index.php?rest_route=\/wp\/v2\/posts"}],"about":[{"href":"https:\/\/gerardoduque.com.mx\/index.php?rest_route=\/wp\/v2\/types\/post"}],"author":[{"embeddable":true,"href":"https:\/\/gerardoduque.com.mx\/index.php?rest_route=\/wp\/v2\/users\/4"}],"replies":[{"embeddable":true,"href":"https:\/\/gerardoduque.com.mx\/index.php?rest_route=%2Fwp%2Fv2%2Fcomments&post=43407"}],"version-history":[{"count":0,"href":"https:\/\/gerardoduque.com.mx\/index.php?rest_route=\/wp\/v2\/posts\/43407\/revisions"}],"wp:featuredmedia":[{"embeddable":true,"href":"https:\/\/gerardoduque.com.mx\/index.php?rest_route=\/wp\/v2\/media\/43408"}],"wp:attachment":[{"href":"https:\/\/gerardoduque.com.mx\/index.php?rest_route=%2Fwp%2Fv2%2Fmedia&parent=43407"}],"wp:term":[{"taxonomy":"category","embeddable":true,"href":"https:\/\/gerardoduque.com.mx\/index.php?rest_route=%2Fwp%2Fv2%2Fcategories&post=43407"},{"taxonomy":"post_tag","embeddable":true,"href":"https:\/\/gerardoduque.com.mx\/index.php?rest_route=%2Fwp%2Fv2%2Ftags&post=43407"}],"curies":[{"name":"wp","href":"https:\/\/api.w.org\/{rel}","templated":true}]}}