{"id":43404,"date":"2026-01-24T08:35:11","date_gmt":"2026-01-24T14:35:11","guid":{"rendered":"https:\/\/gerardoduque.com.mx\/?p=43404"},"modified":"2026-01-24T08:35:21","modified_gmt":"2026-01-24T14:35:21","slug":"emiten-aviso-preventivo-por-vientos-fuertes-y-descenso-de-temperatura-en-el-estado","status":"publish","type":"post","link":"https:\/\/gerardoduque.com.mx\/?p=43404","title":{"rendered":"EMITEN AVISO PREVENTIVO POR VIENTOS FUERTES Y DESCENSO DE TEMPERATURA EN EL ESTADO"},"content":{"rendered":"\n<p>La Coordinaci\u00f3n Estatal de Protecci\u00f3n Civil inform\u00f3 sobre la presencia de vientos fuertes y un descenso significativo de temperatura durante los pr\u00f3ximos d\u00edas, derivado del paso de sistemas frontales en la regi\u00f3n.<\/p>\n\n\n\n<p>Para este s\u00e1bado se prev\u00e9n rachas de viento cercanas a los 50 kil\u00f3metros por hora en las regiones Centro y Altiplano, con posibles incrementos de hasta 60 kil\u00f3metros por hora en zonas serranas y partes altas. Estas condiciones podr\u00edan mantenerse hasta las primeras horas del domingo, cuando tambi\u00e9n se esperan lluvias aisladas.<\/p>\n\n\n\n<p>El pron\u00f3stico indica que el descenso m\u00e1s marcado de temperatura se presentar\u00e1 el lunes, debido al reforzamiento del frente fr\u00edo n\u00famero 30 por una masa de aire fr\u00edo asociada al sistema frontal n\u00famero 31. Este escenario incrementa la probabilidad de heladas y presencia de escarcha en zonas serranas de las regiones Centro, Media y Huasteca, principalmente durante la tarde y noche.<\/p>\n\n\n\n<p>La dependencia exhort\u00f3 a la poblaci\u00f3n a extremar precauciones ante las bajas temperaturas y a mantener vigilancia para prevenir incendios de pastizales, forestales o en rellenos sanitarios, debido al ambiente seco y a la intensidad de los vientos.<\/p>\n","protected":false},"excerpt":{"rendered":"<p>La Coordinaci\u00f3n Estatal de Protecci\u00f3n Civil emiti\u00f3 un aviso preventivo por vientos fuertes y descenso de temperatura previstos para los pr\u00f3ximos d\u00edas, con posibles heladas en zonas serranas.<\/p>\n","protected":false},"author":4,"featured_media":43405,"comment_status":"closed","ping_status":"closed","sticky":false,"template":"","format":"standard","meta":{"_et_pb_use_builder":"off","_et_pb_old_content":"","_et_gb_content_width":"","footnotes":""},"categories":[280],"tags":[190,72,66],"class_list":["post-43404","post","type-post","status-publish","format-standard","has-post-thumbnail","hentry","category-gob-slp","tag-cepc","tag-gobierno-del-estado","tag-san-luis-potosi"],"_links":{"self":[{"href":"https:\/\/gerardoduque.com.mx\/index.php?rest_route=\/wp\/v2\/posts\/43404","targetHints":{"allow":["GET"]}}],"collection":[{"href":"https:\/\/gerardoduque.com.mx\/index.php?rest_route=\/wp\/v2\/posts"}],"about":[{"href":"https:\/\/gerardoduque.com.mx\/index.php?rest_route=\/wp\/v2\/types\/post"}],"author":[{"embeddable":true,"href":"https:\/\/gerardoduque.com.mx\/index.php?rest_route=\/wp\/v2\/users\/4"}],"replies":[{"embeddable":true,"href":"https:\/\/gerardoduque.com.mx\/index.php?rest_route=%2Fwp%2Fv2%2Fcomments&post=43404"}],"version-history":[{"count":0,"href":"https:\/\/gerardoduque.com.mx\/index.php?rest_route=\/wp\/v2\/posts\/43404\/revisions"}],"wp:featuredmedia":[{"embeddable":true,"href":"https:\/\/gerardoduque.com.mx\/index.php?rest_route=\/wp\/v2\/media\/43405"}],"wp:attachment":[{"href":"https:\/\/gerardoduque.com.mx\/index.php?rest_route=%2Fwp%2Fv2%2Fmedia&parent=43404"}],"wp:term":[{"taxonomy":"category","embeddable":true,"href":"https:\/\/gerardoduque.com.mx\/index.php?rest_route=%2Fwp%2Fv2%2Fcategories&post=43404"},{"taxonomy":"post_tag","embeddable":true,"href":"https:\/\/gerardoduque.com.mx\/index.php?rest_route=%2Fwp%2Fv2%2Ftags&post=43404"}],"curies":[{"name":"wp","href":"https:\/\/api.w.org\/{rel}","templated":true}]}}