{"id":43395,"date":"2026-01-24T08:22:42","date_gmt":"2026-01-24T14:22:42","guid":{"rendered":"https:\/\/gerardoduque.com.mx\/?p=43395"},"modified":"2026-01-24T08:22:51","modified_gmt":"2026-01-24T14:22:51","slug":"implementan-operativo-de-seguridad-por-caravana-de-la-fe","status":"publish","type":"post","link":"https:\/\/gerardoduque.com.mx\/?p=43395","title":{"rendered":"IMPLEMENTAN OPERATIVO DE SEGURIDAD POR CARAVANA DE LA FE"},"content":{"rendered":"\n<p>La Coordinaci\u00f3n Estatal de Protecci\u00f3n Civil inform\u00f3 que se puso en marcha un operativo especial de prevenci\u00f3n y seguridad con motivo de la Caravana de la Fe, integrada por peregrinos que iniciaron su trayecto hacia el santuario de la Virgen de San Juan de los Lagos.<\/p>\n\n\n\n<p>De acuerdo con la estimaci\u00f3n oficial, participan entre 4 mil 500 y 5 mil personas provenientes de distintas regiones del estado. Para el desarrollo del operativo, la Coordinaci\u00f3n mantiene labores de coordinaci\u00f3n con cuerpos de emergencia, el Cuerpo de Bomberos, la Guardia Civil Estatal y la Guardia Nacional.<\/p>\n\n\n\n<p>El dispositivo de seguridad se mantendr\u00e1 de forma continua hasta los l\u00edmites territoriales con el estado de Guanajuato, donde se realizar\u00e1 la entrega formal del contingente a las autoridades correspondientes de esa entidad.<\/p>\n\n\n\n<p>Las autoridades indicaron que, durante el recorrido, se solicita a los automovilistas extremar precauciones, respetar los l\u00edmites de velocidad y atender las indicaciones del personal de emergencia que acompa\u00f1a a los peregrinos.<\/p>\n","protected":false},"excerpt":{"rendered":"<p>Implementan operativo preventivo con motivo del paso de la Caravana de la Fe rumbo al santuario de San Juan de los Lagos, con participaci\u00f3n estimada de hasta 5 mil peregrinos.<\/p>\n","protected":false},"author":4,"featured_media":43396,"comment_status":"closed","ping_status":"closed","sticky":false,"template":"","format":"standard","meta":{"_et_pb_use_builder":"off","_et_pb_old_content":"","_et_gb_content_width":"","footnotes":""},"categories":[280],"tags":[190,72,66],"class_list":["post-43395","post","type-post","status-publish","format-standard","has-post-thumbnail","hentry","category-gob-slp","tag-cepc","tag-gobierno-del-estado","tag-san-luis-potosi"],"_links":{"self":[{"href":"https:\/\/gerardoduque.com.mx\/index.php?rest_route=\/wp\/v2\/posts\/43395","targetHints":{"allow":["GET"]}}],"collection":[{"href":"https:\/\/gerardoduque.com.mx\/index.php?rest_route=\/wp\/v2\/posts"}],"about":[{"href":"https:\/\/gerardoduque.com.mx\/index.php?rest_route=\/wp\/v2\/types\/post"}],"author":[{"embeddable":true,"href":"https:\/\/gerardoduque.com.mx\/index.php?rest_route=\/wp\/v2\/users\/4"}],"replies":[{"embeddable":true,"href":"https:\/\/gerardoduque.com.mx\/index.php?rest_route=%2Fwp%2Fv2%2Fcomments&post=43395"}],"version-history":[{"count":0,"href":"https:\/\/gerardoduque.com.mx\/index.php?rest_route=\/wp\/v2\/posts\/43395\/revisions"}],"wp:featuredmedia":[{"embeddable":true,"href":"https:\/\/gerardoduque.com.mx\/index.php?rest_route=\/wp\/v2\/media\/43396"}],"wp:attachment":[{"href":"https:\/\/gerardoduque.com.mx\/index.php?rest_route=%2Fwp%2Fv2%2Fmedia&parent=43395"}],"wp:term":[{"taxonomy":"category","embeddable":true,"href":"https:\/\/gerardoduque.com.mx\/index.php?rest_route=%2Fwp%2Fv2%2Fcategories&post=43395"},{"taxonomy":"post_tag","embeddable":true,"href":"https:\/\/gerardoduque.com.mx\/index.php?rest_route=%2Fwp%2Fv2%2Ftags&post=43395"}],"curies":[{"name":"wp","href":"https:\/\/api.w.org\/{rel}","templated":true}]}}