{"id":43385,"date":"2026-01-23T11:19:46","date_gmt":"2026-01-23T17:19:46","guid":{"rendered":"https:\/\/gerardoduque.com.mx\/?p=43385"},"modified":"2026-01-23T11:19:54","modified_gmt":"2026-01-23T17:19:54","slug":"renuevan-concejo-municipal-de-seguridad-publica-en-villa-de-pozos","status":"publish","type":"post","link":"https:\/\/gerardoduque.com.mx\/?p=43385","title":{"rendered":"RENUEVAN CONCEJO MUNICIPAL DE SEGURIDAD P\u00daBLICA EN VILLA DE POZOS"},"content":{"rendered":"\n<p>En el marco de la renovaci\u00f3n del Concejo Municipal de Seguridad P\u00fablica de Villa de Pozos, el Gobierno del Estado, a trav\u00e9s del Secretariado Ejecutivo del Consejo Estatal de Seguridad P\u00fablica, inform\u00f3 que se mantendr\u00e1 la coordinaci\u00f3n con el municipio para la capacitaci\u00f3n y profesionalizaci\u00f3n de la corporaci\u00f3n policial.<\/p>\n\n\n\n<p>Durante la sesi\u00f3n, se se\u00f1al\u00f3 que se brindar\u00e1 apoyo en procesos de formaci\u00f3n, profesionalizaci\u00f3n y equipamiento del personal policial, como parte de los mecanismos de fortalecimiento institucional en materia de seguridad p\u00fablica.<\/p>\n\n\n\n<p>Tambi\u00e9n se indic\u00f3 que el Secretariado Ejecutivo continuar\u00e1 con acciones para que los elementos de la polic\u00eda local cuenten con certificaci\u00f3n, evaluaci\u00f3n y registro ante el Sistema Nacional de Seguridad P\u00fablica, conforme a la normativa vigente.<\/p>\n\n\n\n<p>Las autoridades participantes se\u00f1alaron que la coordinaci\u00f3n entre instancias estatales y municipales se mantiene como parte de los procesos permanentes de supervisi\u00f3n y mejora de los cuerpos de seguridad.<\/p>\n","protected":false},"excerpt":{"rendered":"<p>Durante la renovaci\u00f3n del Concejo Municipal de Seguridad P\u00fablica de Villa de Pozos se reiter\u00f3 la coordinaci\u00f3n con instancias estatales para capacitaci\u00f3n, evaluaci\u00f3n y registro de elementos policiales.<\/p>\n","protected":false},"author":4,"featured_media":43386,"comment_status":"closed","ping_status":"closed","sticky":false,"template":"","format":"standard","meta":{"_et_pb_use_builder":"off","_et_pb_old_content":"","_et_gb_content_width":"","footnotes":""},"categories":[280],"tags":[72,66,344],"class_list":["post-43385","post","type-post","status-publish","format-standard","has-post-thumbnail","hentry","category-gob-slp","tag-gobierno-del-estado","tag-san-luis-potosi","tag-secesp"],"_links":{"self":[{"href":"https:\/\/gerardoduque.com.mx\/index.php?rest_route=\/wp\/v2\/posts\/43385","targetHints":{"allow":["GET"]}}],"collection":[{"href":"https:\/\/gerardoduque.com.mx\/index.php?rest_route=\/wp\/v2\/posts"}],"about":[{"href":"https:\/\/gerardoduque.com.mx\/index.php?rest_route=\/wp\/v2\/types\/post"}],"author":[{"embeddable":true,"href":"https:\/\/gerardoduque.com.mx\/index.php?rest_route=\/wp\/v2\/users\/4"}],"replies":[{"embeddable":true,"href":"https:\/\/gerardoduque.com.mx\/index.php?rest_route=%2Fwp%2Fv2%2Fcomments&post=43385"}],"version-history":[{"count":0,"href":"https:\/\/gerardoduque.com.mx\/index.php?rest_route=\/wp\/v2\/posts\/43385\/revisions"}],"wp:featuredmedia":[{"embeddable":true,"href":"https:\/\/gerardoduque.com.mx\/index.php?rest_route=\/wp\/v2\/media\/43386"}],"wp:attachment":[{"href":"https:\/\/gerardoduque.com.mx\/index.php?rest_route=%2Fwp%2Fv2%2Fmedia&parent=43385"}],"wp:term":[{"taxonomy":"category","embeddable":true,"href":"https:\/\/gerardoduque.com.mx\/index.php?rest_route=%2Fwp%2Fv2%2Fcategories&post=43385"},{"taxonomy":"post_tag","embeddable":true,"href":"https:\/\/gerardoduque.com.mx\/index.php?rest_route=%2Fwp%2Fv2%2Ftags&post=43385"}],"curies":[{"name":"wp","href":"https:\/\/api.w.org\/{rel}","templated":true}]}}