{"id":43380,"date":"2026-01-23T10:13:23","date_gmt":"2026-01-23T16:13:23","guid":{"rendered":"https:\/\/gerardoduque.com.mx\/?p=43380"},"modified":"2026-01-23T10:13:33","modified_gmt":"2026-01-23T16:13:33","slug":"realizan-primera-feria-del-empleo-2026-en-ciudad-valles","status":"publish","type":"post","link":"https:\/\/gerardoduque.com.mx\/?p=43380","title":{"rendered":"REALIZAN PRIMERA FERIA DEL EMPLEO 2026 EN CIUDAD VALLES"},"content":{"rendered":"\n<p>La primera Feria del Empleo se llev\u00f3 a cabo en Ciudad Valles con la participaci\u00f3n de 30 empresas de los sectores comercio y servicios, que ofrecieron m\u00e1s de 500 vacantes. Al evento asistieron m\u00e1s de 350 personas en b\u00fasqueda de empleo, quienes participaron en procesos de vinculaci\u00f3n laboral directa.<\/p>\n\n\n\n<p>De acuerdo con la informaci\u00f3n disponible, la feria tuvo como objetivo facilitar el contacto entre empleadores y buscadores de empleo en la regi\u00f3n Huasteca, mediante entrevistas y recepci\u00f3n de solicitudes durante la jornada.<\/p>\n\n\n\n<p>La Secretar\u00eda del Trabajo y Previsi\u00f3n Social indic\u00f3 que este tipo de actividades forman parte de una estrategia anual orientada a promover el empleo formal en distintas regiones del estado.<\/p>\n\n\n\n<p>La dependencia se\u00f1al\u00f3 que, dentro de esta estrategia, se contempla la realizaci\u00f3n de ferias similares con la meta de vincular a m\u00e1s de 7 mil personas con oportunidades laborales a lo largo del a\u00f1o.<\/p>\n","protected":false},"excerpt":{"rendered":"<p>Se realiz\u00f3 la primera Feria del Empleo en Ciudad Valles, con participaci\u00f3n de empresas locales y oferta de vacantes para la regi\u00f3n Huasteca.<\/p>\n","protected":false},"author":4,"featured_media":43381,"comment_status":"closed","ping_status":"closed","sticky":false,"template":"","format":"standard","meta":{"_et_pb_use_builder":"off","_et_pb_old_content":"","_et_gb_content_width":"","footnotes":""},"categories":[280],"tags":[72,66,83],"class_list":["post-43380","post","type-post","status-publish","format-standard","has-post-thumbnail","hentry","category-gob-slp","tag-gobierno-del-estado","tag-san-luis-potosi","tag-stps"],"_links":{"self":[{"href":"https:\/\/gerardoduque.com.mx\/index.php?rest_route=\/wp\/v2\/posts\/43380","targetHints":{"allow":["GET"]}}],"collection":[{"href":"https:\/\/gerardoduque.com.mx\/index.php?rest_route=\/wp\/v2\/posts"}],"about":[{"href":"https:\/\/gerardoduque.com.mx\/index.php?rest_route=\/wp\/v2\/types\/post"}],"author":[{"embeddable":true,"href":"https:\/\/gerardoduque.com.mx\/index.php?rest_route=\/wp\/v2\/users\/4"}],"replies":[{"embeddable":true,"href":"https:\/\/gerardoduque.com.mx\/index.php?rest_route=%2Fwp%2Fv2%2Fcomments&post=43380"}],"version-history":[{"count":0,"href":"https:\/\/gerardoduque.com.mx\/index.php?rest_route=\/wp\/v2\/posts\/43380\/revisions"}],"wp:featuredmedia":[{"embeddable":true,"href":"https:\/\/gerardoduque.com.mx\/index.php?rest_route=\/wp\/v2\/media\/43381"}],"wp:attachment":[{"href":"https:\/\/gerardoduque.com.mx\/index.php?rest_route=%2Fwp%2Fv2%2Fmedia&parent=43380"}],"wp:term":[{"taxonomy":"category","embeddable":true,"href":"https:\/\/gerardoduque.com.mx\/index.php?rest_route=%2Fwp%2Fv2%2Fcategories&post=43380"},{"taxonomy":"post_tag","embeddable":true,"href":"https:\/\/gerardoduque.com.mx\/index.php?rest_route=%2Fwp%2Fv2%2Ftags&post=43380"}],"curies":[{"name":"wp","href":"https:\/\/api.w.org\/{rel}","templated":true}]}}