{"id":43377,"date":"2026-01-23T10:08:21","date_gmt":"2026-01-23T16:08:21","guid":{"rendered":"https:\/\/gerardoduque.com.mx\/?p=43377"},"modified":"2026-01-23T10:08:29","modified_gmt":"2026-01-23T16:08:29","slug":"declaran-al-cementerio-del-saucito-y-a-sus-fiestas-patronales-como-patrimonio-cultural","status":"publish","type":"post","link":"https:\/\/gerardoduque.com.mx\/?p=43377","title":{"rendered":"DECLARAN AL CEMENTERIO DEL SAUCITO Y A SUS FIESTAS PATRONALES COMO PATRIMONIO CULTURAL"},"content":{"rendered":"\n<p>El Cementerio Municipal del Saucito fue declarado Patrimonio Cultural del Estado, mientras que las fiestas patronales en honor al Se\u00f1or del Saucito recibieron la declaratoria de Patrimonio Cultural Inmaterial. Los decretos correspondientes fueron firmados y publicados en el Peri\u00f3dico Oficial del Estado.<\/p>\n\n\n\n<p>La Secretar\u00eda de Cultura, a trav\u00e9s de su Direcci\u00f3n de Patrimonio Cultural, particip\u00f3 en el proceso t\u00e9cnico que establece criterios para la protecci\u00f3n del pante\u00f3n, con el objetivo de evitar intervenciones urbanas no autorizadas y preservar sus elementos hist\u00f3ricos y art\u00edsticos. En el caso de las festividades, la declaratoria abarca el peregrinaje, la ruta procesional y los actos de penitencia asociados.<\/p>\n\n\n\n<p>El Cementerio Municipal del Saucito fue fundado en 1889 y es considerado el primer pante\u00f3n civil de la ciudad. Cuenta con una superficie aproximada de 57.3 hect\u00e1reas, en las que se concentra un valor hist\u00f3rico y cultural relevante.<\/p>\n\n\n\n<p>Con estas declaratorias, el Estado asume la supervisi\u00f3n y an\u00e1lisis de acciones de preservaci\u00f3n y, en su caso, de restauraci\u00f3n, conforme a los lineamientos aplicables, con el fin de garantizar la conservaci\u00f3n del sitio y de las expresiones culturales asociadas.<\/p>\n","protected":false},"excerpt":{"rendered":"<p>Fueron publicados decretos en el Peri\u00f3dico Oficial del Estado que reconocen al Cementerio Municipal del Saucito como Patrimonio Cultural del Estado y a las fiestas patronales en honor al Se\u00f1or del Saucito como Patrimonio Cultural Inmaterial.<\/p>\n","protected":false},"author":4,"featured_media":43378,"comment_status":"closed","ping_status":"closed","sticky":false,"template":"","format":"standard","meta":{"_et_pb_use_builder":"off","_et_pb_old_content":"","_et_gb_content_width":"","footnotes":""},"categories":[280],"tags":[72,66,200],"class_list":["post-43377","post","type-post","status-publish","format-standard","has-post-thumbnail","hentry","category-gob-slp","tag-gobierno-del-estado","tag-san-luis-potosi","tag-secult"],"_links":{"self":[{"href":"https:\/\/gerardoduque.com.mx\/index.php?rest_route=\/wp\/v2\/posts\/43377","targetHints":{"allow":["GET"]}}],"collection":[{"href":"https:\/\/gerardoduque.com.mx\/index.php?rest_route=\/wp\/v2\/posts"}],"about":[{"href":"https:\/\/gerardoduque.com.mx\/index.php?rest_route=\/wp\/v2\/types\/post"}],"author":[{"embeddable":true,"href":"https:\/\/gerardoduque.com.mx\/index.php?rest_route=\/wp\/v2\/users\/4"}],"replies":[{"embeddable":true,"href":"https:\/\/gerardoduque.com.mx\/index.php?rest_route=%2Fwp%2Fv2%2Fcomments&post=43377"}],"version-history":[{"count":0,"href":"https:\/\/gerardoduque.com.mx\/index.php?rest_route=\/wp\/v2\/posts\/43377\/revisions"}],"wp:featuredmedia":[{"embeddable":true,"href":"https:\/\/gerardoduque.com.mx\/index.php?rest_route=\/wp\/v2\/media\/43378"}],"wp:attachment":[{"href":"https:\/\/gerardoduque.com.mx\/index.php?rest_route=%2Fwp%2Fv2%2Fmedia&parent=43377"}],"wp:term":[{"taxonomy":"category","embeddable":true,"href":"https:\/\/gerardoduque.com.mx\/index.php?rest_route=%2Fwp%2Fv2%2Fcategories&post=43377"},{"taxonomy":"post_tag","embeddable":true,"href":"https:\/\/gerardoduque.com.mx\/index.php?rest_route=%2Fwp%2Fv2%2Ftags&post=43377"}],"curies":[{"name":"wp","href":"https:\/\/api.w.org\/{rel}","templated":true}]}}