{"id":43374,"date":"2026-01-23T09:19:22","date_gmt":"2026-01-23T15:19:22","guid":{"rendered":"https:\/\/gerardoduque.com.mx\/?p=43374"},"modified":"2026-01-23T09:19:31","modified_gmt":"2026-01-23T15:19:31","slug":"convocan-a-instituciones-a-participar-en-programa-de-conferencias-cientificas","status":"publish","type":"post","link":"https:\/\/gerardoduque.com.mx\/?p=43374","title":{"rendered":"CONVOCAN A INSTITUCIONES A PARTICIPAR EN PROGRAMA DE CONFERENCIAS CIENT\u00cdFICAS"},"content":{"rendered":"\n<p>El Consejo Potosino de Ciencia y Tecnolog\u00eda dio a conocer la convocatoria \u201cCiencia sin L\u00edmites\u201d, dirigida a instituciones de educaci\u00f3n media superior, superior y centros de investigaci\u00f3n interesados en organizar conferencias con especialistas nacionales e internacionales.<\/p>\n\n\n\n<p>De acuerdo con la informaci\u00f3n difundida, el programa se desarrollar\u00e1 entre marzo y diciembre de 2026 y contempla temas como inteligencia artificial, rob\u00f3tica, salud, cambio clim\u00e1tico, ciberseguridad, energ\u00eda y educaci\u00f3n. Las instituciones participantes podr\u00e1n presentar propuestas orientadas a la divulgaci\u00f3n cient\u00edfica y al fomento de vocaciones en estas \u00e1reas.<\/p>\n\n\n\n<p>La convocatoria considera apoyos para el traslado, hospedaje y alimentaci\u00f3n de los conferencistas, conforme a los lineamientos establecidos. Las actividades se enmarcan en la conmemoraci\u00f3n del 30 aniversario del Consejo.<\/p>\n\n\n\n<p>El registro de propuestas permanecer\u00e1 abierto hasta el 27 de febrero de 2026, mientras que los resultados se publicar\u00e1n a partir del 23 de marzo a trav\u00e9s de los canales oficiales del organismo.<\/p>\n","protected":false},"excerpt":{"rendered":"<p>El Copocyt abri\u00f3 una convocatoria dirigida a instituciones educativas y centros de investigaci\u00f3n para realizar conferencias cient\u00edficas entre marzo y diciembre de 2026, con participaci\u00f3n de especialistas nacionales e internacionales.<\/p>\n","protected":false},"author":4,"featured_media":43375,"comment_status":"closed","ping_status":"closed","sticky":false,"template":"","format":"standard","meta":{"_et_pb_use_builder":"off","_et_pb_old_content":"","_et_gb_content_width":"","footnotes":""},"categories":[280],"tags":[208,72,66],"class_list":["post-43374","post","type-post","status-publish","format-standard","has-post-thumbnail","hentry","category-gob-slp","tag-copocyt","tag-gobierno-del-estado","tag-san-luis-potosi"],"_links":{"self":[{"href":"https:\/\/gerardoduque.com.mx\/index.php?rest_route=\/wp\/v2\/posts\/43374","targetHints":{"allow":["GET"]}}],"collection":[{"href":"https:\/\/gerardoduque.com.mx\/index.php?rest_route=\/wp\/v2\/posts"}],"about":[{"href":"https:\/\/gerardoduque.com.mx\/index.php?rest_route=\/wp\/v2\/types\/post"}],"author":[{"embeddable":true,"href":"https:\/\/gerardoduque.com.mx\/index.php?rest_route=\/wp\/v2\/users\/4"}],"replies":[{"embeddable":true,"href":"https:\/\/gerardoduque.com.mx\/index.php?rest_route=%2Fwp%2Fv2%2Fcomments&post=43374"}],"version-history":[{"count":0,"href":"https:\/\/gerardoduque.com.mx\/index.php?rest_route=\/wp\/v2\/posts\/43374\/revisions"}],"wp:featuredmedia":[{"embeddable":true,"href":"https:\/\/gerardoduque.com.mx\/index.php?rest_route=\/wp\/v2\/media\/43375"}],"wp:attachment":[{"href":"https:\/\/gerardoduque.com.mx\/index.php?rest_route=%2Fwp%2Fv2%2Fmedia&parent=43374"}],"wp:term":[{"taxonomy":"category","embeddable":true,"href":"https:\/\/gerardoduque.com.mx\/index.php?rest_route=%2Fwp%2Fv2%2Fcategories&post=43374"},{"taxonomy":"post_tag","embeddable":true,"href":"https:\/\/gerardoduque.com.mx\/index.php?rest_route=%2Fwp%2Fv2%2Ftags&post=43374"}],"curies":[{"name":"wp","href":"https:\/\/api.w.org\/{rel}","templated":true}]}}